{"id":30850,"date":"2014-11-27T20:43:31","date_gmt":"2014-11-27T23:43:31","guid":{"rendered":"http:\/\/blitzconquista.com.br\/new\/?p=30850"},"modified":"2014-11-27T20:43:31","modified_gmt":"2014-11-27T23:43:31","slug":"sessao-especial-celebra-uma-decada-do-nucleo-de-defesa-da-crianca-e-do-adolescente","status":"publish","type":"post","link":"https:\/\/blitzconquista.com.br\/?p=30850","title":{"rendered":"Sess\u00e3o Especial celebra uma d\u00e9cada do N\u00facleo de Defesa da Crian\u00e7a e do Adolescente"},"content":{"rendered":"<p>Ser\u00e1 realizada nesta sexta-feira (28), uma Sess\u00e3o Especial, na C\u00e2mara de Vereadores de Vit\u00f3ria da Conquista, uma Sess\u00e3o Especial para celebrar os 10 anos do N\u00facleo de Defesa da Crian\u00e7a e do Adolescente (NDCA), programa de extens\u00e3o do curso de Direito, vinculado \u00e0 Pr\u00f3-Reitoria de Extens\u00e3o e Assuntos Comunit\u00e1rios (Proex) &#8211; Uesb.<br \/>\nO evento ir\u00e1 homenagear a trajet\u00f3ria do NDCA, que, h\u00e1 uma d\u00e9cada, oferece atendimento jur\u00eddico e psicossocial especializado \u00e0s crian\u00e7as, adolescentes e familiares que vivem em situa\u00e7\u00e3o de viol\u00eancia no munic\u00edpio. A Sess\u00e3o Especial est\u00e1 marcada para iniciar as 8:30 da manh\u00e3 e v\u00e1rias autoridades foram convidadas.<\/p>\n","protected":false},"excerpt":{"rendered":"<p>Ser\u00e1 realizada nesta sexta-feira (28), uma Sess\u00e3o Especial, na C\u00e2mara de Vereadores de Vit\u00f3ria da Conquista, uma Sess\u00e3o Especial para celebrar os 10 anos do N\u00facleo de Defesa da Crian\u00e7a e do Adolescente (NDCA), programa de extens\u00e3o do curso de Direito, vinculado \u00e0 Pr\u00f3-Reitoria de Extens\u00e3o e Assuntos Comunit\u00e1rios (Proex) &#8211; Uesb. O evento ir\u00e1 [&hellip;]<\/p>\n","protected":false},"author":1,"featured_media":30851,"comment_status":"open","ping_status":"closed","sticky":false,"template":"","format":"standard","meta":[],"categories":[4],"tags":[],"_links":{"self":[{"href":"https:\/\/blitzconquista.com.br\/index.php?rest_route=\/wp\/v2\/posts\/30850"}],"collection":[{"href":"https:\/\/blitzconquista.com.br\/index.php?rest_route=\/wp\/v2\/posts"}],"about":[{"href":"https:\/\/blitzconquista.com.br\/index.php?rest_route=\/wp\/v2\/types\/post"}],"author":[{"embeddable":true,"href":"https:\/\/blitzconquista.com.br\/index.php?rest_route=\/wp\/v2\/users\/1"}],"replies":[{"embeddable":true,"href":"https:\/\/blitzconquista.com.br\/index.php?rest_route=%2Fwp%2Fv2%2Fcomments&post=30850"}],"version-history":[{"count":0,"href":"https:\/\/blitzconquista.com.br\/index.php?rest_route=\/wp\/v2\/posts\/30850\/revisions"}],"wp:featuredmedia":[{"embeddable":true,"href":"https:\/\/blitzconquista.com.br\/index.php?rest_route=\/"}],"wp:attachment":[{"href":"https:\/\/blitzconquista.com.br\/index.php?rest_route=%2Fwp%2Fv2%2Fmedia&parent=30850"}],"wp:term":[{"taxonomy":"category","embeddable":true,"href":"https:\/\/blitzconquista.com.br\/index.php?rest_route=%2Fwp%2Fv2%2Fcategories&post=30850"},{"taxonomy":"post_tag","embeddable":true,"href":"https:\/\/blitzconquista.com.br\/index.php?rest_route=%2Fwp%2Fv2%2Ftags&post=30850"}],"curies":[{"name":"wp","href":"https:\/\/api.w.org\/{rel}","templated":true}]}}