{"id":30853,"date":"2014-11-27T21:02:05","date_gmt":"2014-11-28T00:02:05","guid":{"rendered":"http:\/\/blitzconquista.com.br\/new\/?p=30853"},"modified":"2014-11-27T21:02:05","modified_gmt":"2014-11-28T00:02:05","slug":"prefeitura-inicia-trabalho-de-recuperacao-da-avenida-sao-geraldo","status":"publish","type":"post","link":"https:\/\/blitzconquista.com.br\/?p=30853","title":{"rendered":"Prefeitura inicia trabalho de recupera\u00e7\u00e3o da Avenida S\u00e3o Geraldo"},"content":{"rendered":"<p>A Prefeitura iniciou, os trabalhos de recupera\u00e7\u00e3o da Avenida S\u00e3o Geraldo. A rua ficou interditada por duas semanas e o munic\u00edpio justifica tempo de duas semanas na repara\u00e7\u00e3o, as chuvas que ca\u00edram na cidade nos \u00faltimos dias. No momento, est\u00e3o sendo refeitos 150 metros da base da via. A pr\u00f3xima etapa ser\u00e1 aplica\u00e7\u00e3o do asfalto.<br \/>\nA causa dos estragos foi um rompimento na tubula\u00e7\u00e3o de \u00e1gua, ocorrido antes das primeiras chuvas \u2013 que ca\u00edram exatamente no momento em que a Empresa Baiana de \u00c1guas e Saneamento (Embasa) j\u00e1 estava providenciando os reparos no local. A \u00e1gua das chuvas penetrou por baixo do asfalto, danificando a via.<br \/>\nA Embasa j\u00e1 recuperou a rede subterr\u00e2nea de \u00e1gua. Com isso, a Prefeitura est\u00e1 executando o trabalho de terraplanagem na avenida.<\/p>\n","protected":false},"excerpt":{"rendered":"<p>A Prefeitura iniciou, os trabalhos de recupera\u00e7\u00e3o da Avenida S\u00e3o Geraldo. A rua ficou interditada por duas semanas e o munic\u00edpio justifica tempo de duas semanas na repara\u00e7\u00e3o, as chuvas que ca\u00edram na cidade nos \u00faltimos dias. No momento, est\u00e3o sendo refeitos 150 metros da base da via. A pr\u00f3xima etapa ser\u00e1 aplica\u00e7\u00e3o do asfalto. [&hellip;]<\/p>\n","protected":false},"author":1,"featured_media":30854,"comment_status":"open","ping_status":"closed","sticky":false,"template":"","format":"standard","meta":[],"categories":[4],"tags":[],"_links":{"self":[{"href":"https:\/\/blitzconquista.com.br\/index.php?rest_route=\/wp\/v2\/posts\/30853"}],"collection":[{"href":"https:\/\/blitzconquista.com.br\/index.php?rest_route=\/wp\/v2\/posts"}],"about":[{"href":"https:\/\/blitzconquista.com.br\/index.php?rest_route=\/wp\/v2\/types\/post"}],"author":[{"embeddable":true,"href":"https:\/\/blitzconquista.com.br\/index.php?rest_route=\/wp\/v2\/users\/1"}],"replies":[{"embeddable":true,"href":"https:\/\/blitzconquista.com.br\/index.php?rest_route=%2Fwp%2Fv2%2Fcomments&post=30853"}],"version-history":[{"count":0,"href":"https:\/\/blitzconquista.com.br\/index.php?rest_route=\/wp\/v2\/posts\/30853\/revisions"}],"wp:featuredmedia":[{"embeddable":true,"href":"https:\/\/blitzconquista.com.br\/index.php?rest_route=\/"}],"wp:attachment":[{"href":"https:\/\/blitzconquista.com.br\/index.php?rest_route=%2Fwp%2Fv2%2Fmedia&parent=30853"}],"wp:term":[{"taxonomy":"category","embeddable":true,"href":"https:\/\/blitzconquista.com.br\/index.php?rest_route=%2Fwp%2Fv2%2Fcategories&post=30853"},{"taxonomy":"post_tag","embeddable":true,"href":"https:\/\/blitzconquista.com.br\/index.php?rest_route=%2Fwp%2Fv2%2Ftags&post=30853"}],"curies":[{"name":"wp","href":"https:\/\/api.w.org\/{rel}","templated":true}]}}