{"id":30900,"date":"2014-11-30T09:07:41","date_gmt":"2014-11-30T12:07:41","guid":{"rendered":"http:\/\/blitzconquista.com.br\/new\/?p=30900"},"modified":"2014-11-30T09:07:41","modified_gmt":"2014-11-30T12:07:41","slug":"natal-da-cidade-prefeitura-divulga-programacao-da-praca-9-de-novembro","status":"publish","type":"post","link":"https:\/\/blitzconquista.com.br\/?p=30900","title":{"rendered":"Natal da Cidade: Prefeitura divulga programa\u00e7\u00e3o da Pra\u00e7a 9 de Novembro"},"content":{"rendered":"<div id=\"stcpDiv\">\n<p>Dezembro j\u00e1 est\u00e1 chegando e com ele os festejos natalinos. E em Vit\u00f3ria da Conquista, dezembro tamb\u00e9m significa grandes apresenta\u00e7\u00f5es de artistas convidados e regionais no \u201cNatal da Cidade\u201d. Este ano, em sua 18\u00aa edi\u00e7\u00e3o, a celebra\u00e7\u00e3o acontece em tr\u00eas lugares \u2013\u00a0\u00a0Centro Glauber Rocha \u2013 Educa\u00e7\u00e3o e Cultura, Pra\u00e7a 9 de Novembro e Pra\u00e7a Tancredo Neves \u2013 entre os dias 19 e 25 de dezembro. O evento oferece tamb\u00e9m outros atrativos, entres eles os Ternos de Reis, Memorial do Reisado e apresenta\u00e7\u00f5es de Corais Natalinos.<\/p>\n<p>Outra importante caracter\u00edstica do Natal da Cidade \u00e9 o incentivo e a valoriza\u00e7\u00e3o dos artistas da regi\u00e3o, sempre inseridos na programa\u00e7\u00e3o. Em 2014, a grade conta com a participa\u00e7\u00e3o de 41 artistas que se apresentar\u00e3o no Centro Glauber e na Pra\u00e7a 9 de Novembro. A Prefeitura Municipal divulgou a grade completa dos dois espa\u00e7os.<\/p>\n<p>Confira abaixo:<\/p>\n<p><strong><a href=\"http:\/\/www.pmvc.ba.gov.br\/v2\/wp-content\/uploads\/PROGRAMA%C3%87%C3%83O-NATAL-DA-CIDADE-2014-9-de-novembro-tabela.pdf\" target=\"_blank\">Programa\u00e7\u00e3o Pra\u00e7a 9 de Novembro<\/a>\u00a0<\/strong><\/p>\n<p><strong><a href=\"http:\/\/www.pmvc.ba.gov.br\/v2\/wp-content\/uploads\/Programa%C3%A7%C3%A3o-Centro-Glauber-Rocha-Artistas-regionais.pdf\" target=\"_blank\">Programa\u00e7\u00e3o Centro Glauber Rocha \u2013 Artistas regionais<\/a><\/strong><\/p>\n<p>E, vale relembrar, que <strong><a href=\"http:\/\/www.pmvc.ba.gov.br\/v2\/noticias\/prefeitura-apresenta-grade-completa-do-natal-da-cidade-2014\/\" target=\"_blank\">artistas de renome nacional tamb\u00e9m se apresentar\u00e3o no Centro Glauber<\/a><\/strong>, como Zeca Baleiro, Ana Ca\u00f1as e O Teatro M\u00e1gico.\u00a0Participe!<\/p>\n<p>*Secom<\/p>\n<\/div>\n","protected":false},"excerpt":{"rendered":"<p>Dezembro j\u00e1 est\u00e1 chegando e com ele os festejos natalinos. E em Vit\u00f3ria da Conquista, dezembro tamb\u00e9m significa grandes apresenta\u00e7\u00f5es de artistas convidados e regionais no \u201cNatal da Cidade\u201d. Este ano, em sua 18\u00aa edi\u00e7\u00e3o, a celebra\u00e7\u00e3o acontece em tr\u00eas lugares \u2013\u00a0\u00a0Centro Glauber Rocha \u2013 Educa\u00e7\u00e3o e Cultura, Pra\u00e7a 9 de Novembro e Pra\u00e7a Tancredo [&hellip;]<\/p>\n","protected":false},"author":1,"featured_media":30415,"comment_status":"open","ping_status":"closed","sticky":false,"template":"","format":"standard","meta":[],"categories":[4],"tags":[],"_links":{"self":[{"href":"https:\/\/blitzconquista.com.br\/index.php?rest_route=\/wp\/v2\/posts\/30900"}],"collection":[{"href":"https:\/\/blitzconquista.com.br\/index.php?rest_route=\/wp\/v2\/posts"}],"about":[{"href":"https:\/\/blitzconquista.com.br\/index.php?rest_route=\/wp\/v2\/types\/post"}],"author":[{"embeddable":true,"href":"https:\/\/blitzconquista.com.br\/index.php?rest_route=\/wp\/v2\/users\/1"}],"replies":[{"embeddable":true,"href":"https:\/\/blitzconquista.com.br\/index.php?rest_route=%2Fwp%2Fv2%2Fcomments&post=30900"}],"version-history":[{"count":0,"href":"https:\/\/blitzconquista.com.br\/index.php?rest_route=\/wp\/v2\/posts\/30900\/revisions"}],"wp:featuredmedia":[{"embeddable":true,"href":"https:\/\/blitzconquista.com.br\/index.php?rest_route=\/"}],"wp:attachment":[{"href":"https:\/\/blitzconquista.com.br\/index.php?rest_route=%2Fwp%2Fv2%2Fmedia&parent=30900"}],"wp:term":[{"taxonomy":"category","embeddable":true,"href":"https:\/\/blitzconquista.com.br\/index.php?rest_route=%2Fwp%2Fv2%2Fcategories&post=30900"},{"taxonomy":"post_tag","embeddable":true,"href":"https:\/\/blitzconquista.com.br\/index.php?rest_route=%2Fwp%2Fv2%2Ftags&post=30900"}],"curies":[{"name":"wp","href":"https:\/\/api.w.org\/{rel}","templated":true}]}}