{"id":30910,"date":"2014-11-30T09:19:04","date_gmt":"2014-11-30T12:19:04","guid":{"rendered":"http:\/\/blitzconquista.com.br\/new\/?p=30910"},"modified":"2014-11-30T09:19:04","modified_gmt":"2014-11-30T12:19:04","slug":"edinho-diz-que-pele-esta-louco-para-ir-para-casa-e-reclama-da-fisioterapia","status":"publish","type":"post","link":"https:\/\/blitzconquista.com.br\/?p=30910","title":{"rendered":"Edinho diz que Pel\u00e9 est\u00e1 louco para ir para casa e reclama da fisioterapia"},"content":{"rendered":"<p>Pel\u00e9 recebeu uma visita especial neste s\u00e1bado \u00e0 tarde logo ap\u00f3s a divulga\u00e7\u00e3o de um novo boletim m\u00e9dico que confirma a evolu\u00e7\u00e3o de seu estado de sa\u00fade. O filho Edinho foi at\u00e9 o hospital Albert Einstein para ver o pai e saiu com boas not\u00edcias. O rei do futebol est\u00e1 bem e &#8216;louco para ir para casa&#8217;.<\/p>\n<p>&#8220;Meu pai est\u00e1 louco para ir para casa. Fiquei muito feliz em v\u00ea-lo bem. Ele est\u00e1 tomando medica\u00e7\u00e3o, mas est\u00e1 muito bem disposto. Foi um encontro entre pai e filho. Ele tem conversado bastante com os m\u00e9dicos, mas ainda n\u00e3o h\u00e1 uma previs\u00e3o de alta. Essa avalia\u00e7\u00e3o \u00e9 feita a dia a dia&#8221;, disse.<\/p>\n<p>&#8220;Ele est\u00e1 louco para sair da concentra\u00e7\u00e3o. Ele tem TV, tem internet e est\u00e1 com acesso \u00e0 informa\u00e7\u00e3o. Ele est\u00e1 louco para ir para casa e voltar \u00e0 rotina normal&#8221;, aumentou.<\/p>\n<p>Edinho chegou ao local por volta de 15h55 e entrou rapidamente no hospital sem dar entrevistas.\u00a0Ele s\u00f3 falou com os jornalistas ao deixar o local e relatou que o pai ficou mais calmo depois que conseguiu que os m\u00e9dicos liberassem o uso de um telefone celular e um viol\u00e3o. Mas Pel\u00e9 tamb\u00e9m fez algumas reclama\u00e7\u00f5es.<\/p>\n<p>&#8220;Agora ele est\u00e1 um pouco mais calmo. J\u00e1 est\u00e1 com os brinquedinhos dele. Ele, \u00e0s vezes, fica um pouco incomodado e como todo jogador de futebol tem reclamado um pouco da fisioterapia. Ele diz que est\u00e1 dolorido aqui e ali. N\u00e3o tinha visto meu pai e me sinto muito aliviado. Ele est\u00e1 com aspecto muito bom&#8221;, relatou.<\/p>\n<p>Minutos antes de Edinho chegar ao hospital, na tarde deste s\u00e1bado, os m\u00e9dicos do hospital Albert Einstein divulgaram um boletim informando que o rei do futebol manteve a evolu\u00e7\u00e3o e far\u00e1 hemodi\u00e1lise s\u00f3 at\u00e9 a manh\u00e3 deste domingo, quando o tratamento ser\u00e1 interrompido.<\/p>\n<p>Ele est\u00e1 l\u00facido e conversando com as pessoas pr\u00f3ximas.\u00a0Dessa forma, aumenta a expectativa de que o ex-jogador deixe a UTI.<\/p>\n<p>&#8220;O paciente Edson Arantes do Nascimento (Pel\u00e9) continua com boa evolu\u00e7\u00e3o, sob cuidados na unidade de terapia intensiva. Mantem-se l\u00facido e est\u00e1vel do ponto de vista hemodin\u00e2mico e respirat\u00f3rio. O tratamento de suporte renal (hemodiafiltra\u00e7\u00e3o veno-venosa cont\u00ednua) continuar\u00e1 sendo administrado at\u00e9 amanh\u00e3 cedo, sendo ent\u00e3o pausado&#8221;, diz o comunicado.<\/p>\n<p>Edinho vem enfrentando dificuldades em sua vida pessoal. Em maio deste ano, ele foi condenado a 33 anos e quatro meses de pris\u00e3o em regime fechado, pelo crime de lavagem de dinheiro e associa\u00e7\u00e3o com o tr\u00e1fico de drogas.<\/p>\n<p>O ex-goleiro respondia em liberdade, mas n\u00e3o podia deixar o pa\u00eds, j\u00e1 que a pris\u00e3o definitiva poderia ser decretada a qualquer momento. Dessa forma, ele deveria comparecer mensalmente ao F\u00f3rum e registrar a sua rotina.<\/p>\n<p>Por descumprir a determina\u00e7\u00e3o, ele foi detido no F\u00f3rum de Praia Grande \u00a0no dia 18 de novembro. Mas no dia seguinte foi solto ap\u00f3s a Justi\u00e7a acatar o pedido de habeas corpus\u00a0feito pela defesa.\u00a0 *Uol<\/p>\n","protected":false},"excerpt":{"rendered":"<p>Pel\u00e9 recebeu uma visita especial neste s\u00e1bado \u00e0 tarde logo ap\u00f3s a divulga\u00e7\u00e3o de um novo boletim m\u00e9dico que confirma a evolu\u00e7\u00e3o de seu estado de sa\u00fade. O filho Edinho foi at\u00e9 o hospital Albert Einstein para ver o pai e saiu com boas not\u00edcias. O rei do futebol est\u00e1 bem e &#8216;louco para ir [&hellip;]<\/p>\n","protected":false},"author":1,"featured_media":30911,"comment_status":"open","ping_status":"closed","sticky":false,"template":"","format":"standard","meta":[],"categories":[1],"tags":[],"_links":{"self":[{"href":"https:\/\/blitzconquista.com.br\/index.php?rest_route=\/wp\/v2\/posts\/30910"}],"collection":[{"href":"https:\/\/blitzconquista.com.br\/index.php?rest_route=\/wp\/v2\/posts"}],"about":[{"href":"https:\/\/blitzconquista.com.br\/index.php?rest_route=\/wp\/v2\/types\/post"}],"author":[{"embeddable":true,"href":"https:\/\/blitzconquista.com.br\/index.php?rest_route=\/wp\/v2\/users\/1"}],"replies":[{"embeddable":true,"href":"https:\/\/blitzconquista.com.br\/index.php?rest_route=%2Fwp%2Fv2%2Fcomments&post=30910"}],"version-history":[{"count":0,"href":"https:\/\/blitzconquista.com.br\/index.php?rest_route=\/wp\/v2\/posts\/30910\/revisions"}],"wp:featuredmedia":[{"embeddable":true,"href":"https:\/\/blitzconquista.com.br\/index.php?rest_route=\/"}],"wp:attachment":[{"href":"https:\/\/blitzconquista.com.br\/index.php?rest_route=%2Fwp%2Fv2%2Fmedia&parent=30910"}],"wp:term":[{"taxonomy":"category","embeddable":true,"href":"https:\/\/blitzconquista.com.br\/index.php?rest_route=%2Fwp%2Fv2%2Fcategories&post=30910"},{"taxonomy":"post_tag","embeddable":true,"href":"https:\/\/blitzconquista.com.br\/index.php?rest_route=%2Fwp%2Fv2%2Ftags&post=30910"}],"curies":[{"name":"wp","href":"https:\/\/api.w.org\/{rel}","templated":true}]}}