{"id":30913,"date":"2014-11-30T19:24:16","date_gmt":"2014-11-30T22:24:16","guid":{"rendered":"http:\/\/blitzconquista.com.br\/new\/?p=30913"},"modified":"2014-11-30T19:24:16","modified_gmt":"2014-11-30T22:24:16","slug":"brasil-e-mais-12-paises-sao-reconhecidos-pela-fao-por-combate-a-fome","status":"publish","type":"post","link":"https:\/\/blitzconquista.com.br\/?p=30913","title":{"rendered":"Brasil e mais 12 pa\u00edses s\u00e3o reconhecidos pela FAO por combate \u00e0 fome"},"content":{"rendered":"<div class=\"field field-name-body field-type-text-with-summary field-label-hidden\">\n<div class=\"field-items\">\n<div class=\"field-item even\">\n<p>O Brasil e mais 12 pa\u00edses foram premiados neste domingo (30) pela Organiza\u00e7\u00e3o das Na\u00e7\u00f5es Unidas para a Alimenta\u00e7\u00e3o e a Agricultura (FAO) pelo progressos obtidos na luta contra a fome, entre eles a redu\u00e7\u00e3o da propor\u00e7\u00e3o de subnutridos e do n\u00famero absoluto de pessoas com fome. A premia\u00e7\u00e3o foi entregue na sede da entidade, em Roma.<\/p>\n<p>A ministra do Desenvolvimento Social e Combate \u00e0 Fome, Tereza Campello, recebeu o pr\u00eamio em nome do Brasil.\u00a0 Tamb\u00e9m tiveram reconhecidos pela FAO seus esfor\u00e7os no combate \u00e0 fome: Camar\u00f5es, Eti\u00f3pia, Gab\u00e3o, G\u00e2mbia, Ir\u00e3, Kiribati, Mal\u00e1sia, Maurit\u00e2nia, Ilhas Maur\u00edcio, M\u00e9xico, Filipinas e Uruguai.<\/p>\n<p>O diretor da organiza\u00e7\u00e3o, Jos\u00e9 Graziano, elogiou as iniciativas que levaram os 13 pa\u00edses aos progressos recentes no combate \u00e0 fome, mas lembrou que ainda h\u00e1 muito a fazer para erradicar o problema globalmente.\u201cVoc\u00eas superaram grandes desafios em condi\u00e7\u00f5es econ\u00f4micas globais e ambientes pol\u00edticos dif\u00edceis. Voc\u00eas demonstraram vontade e mobilizaram os meios\u201d, disse Graziano aos representantes dos pa\u00edses vencedores. \u201cVoc\u00eas confirmaram que acabar com a fome e a desnutri\u00e7\u00e3o no nosso tempo \u00e9 um desafio, mas tamb\u00e9m mostraram que \u00e9 vi\u00e1vel\u201d, acrescentou, de acordo com informa\u00e7\u00f5es da FAO.<\/p>\n<p>Segundo Graziano, apesar dos avan\u00e7os, 805 milh\u00f5es de pessoas no mundo ainda sofrem de desnutri\u00e7\u00e3o cr\u00f4nica. \u201c\u00c9 necess\u00e1rio melhorar a qualidade e efici\u00eancia dos sistemas alimentares, promover o desenvolvimento rural, aumentar a produtividade, aumentar a renda rural, melhorar o acesso aos alimentos e refor\u00e7ar a prote\u00e7\u00e3o social\u201d, listou.<\/p>\n<p>Entre os esfor\u00e7os reconhecidos pela FAO est\u00e3o o cumprimento antecipado do Objetivo de Desenvolvimento do Mil\u00eanio (ODM) 1, de reduzir pela metade a propor\u00e7\u00e3o de pessoas com fome at\u00e9 2015, e a meta proposta durante a C\u00fapula Mundial da Alimenta\u00e7\u00e3o (CMA), em 1996, de reduzir pela metade o n\u00famero absoluto de pessoas com fome tamb\u00e9m at\u00e9 2015. O Brasil, Camar\u00f5es e o Uruguai alcan\u00e7aram as duas metas antecipadamente este ano.<\/p>\n<p>Ao todo, segundo a FAO, 63 pa\u00edses em desenvolvimento atingiram a Meta 1 dos ODM, e mais seis devem alcan\u00e7\u00e1-la em 2015. Dos 63, 25 tamb\u00e9m alcan\u00e7aram a meta da CMA.<\/p>\n<p>O Brasil, de acordo com a organiza\u00e7\u00e3o da ONU, avan\u00e7ou por colocar o combate \u00e0 desnutri\u00e7\u00e3o no centro da agenda pol\u00edtica, desde a implanta\u00e7\u00e3o o Programa Fome Zero, em 2003, combinado com programas de apoio \u00e0 agricultura familiar. A liga\u00e7\u00e3o entre prote\u00e7\u00e3o e apoio produtivo contribuiu para a gera\u00e7\u00e3o de empregos e aumento real dos sal\u00e1rios, levando \u00e0 redu\u00e7\u00e3o da fome e das desigualdades.<\/p>\n<p><em><a href=\"http:\/\/blitzconquista.com.br\/new\/?attachment_id=30914\" rel=\"attachment wp-att-30914\"><img decoding=\"async\" loading=\"lazy\" class=\"alignnone size-full wp-image-30914\" src=\"http:\/\/blitzconquista.com.br\/new\/wp-content\/uploads\/2014\/11\/agencia_brasil_logo.png\" alt=\"agencia_brasil_logo\" width=\"110\" height=\"23\" \/><\/a><br \/>\n<\/em><\/p>\n<\/div>\n<\/div>\n<\/div>\n","protected":false},"excerpt":{"rendered":"<p>O Brasil e mais 12 pa\u00edses foram premiados neste domingo (30) pela Organiza\u00e7\u00e3o das Na\u00e7\u00f5es Unidas para a Alimenta\u00e7\u00e3o e a Agricultura (FAO) pelo progressos obtidos na luta contra a fome, entre eles a redu\u00e7\u00e3o da propor\u00e7\u00e3o de subnutridos e do n\u00famero absoluto de pessoas com fome. A premia\u00e7\u00e3o foi entregue na sede da entidade, [&hellip;]<\/p>\n","protected":false},"author":1,"featured_media":30915,"comment_status":"open","ping_status":"closed","sticky":false,"template":"","format":"standard","meta":[],"categories":[4],"tags":[],"_links":{"self":[{"href":"https:\/\/blitzconquista.com.br\/index.php?rest_route=\/wp\/v2\/posts\/30913"}],"collection":[{"href":"https:\/\/blitzconquista.com.br\/index.php?rest_route=\/wp\/v2\/posts"}],"about":[{"href":"https:\/\/blitzconquista.com.br\/index.php?rest_route=\/wp\/v2\/types\/post"}],"author":[{"embeddable":true,"href":"https:\/\/blitzconquista.com.br\/index.php?rest_route=\/wp\/v2\/users\/1"}],"replies":[{"embeddable":true,"href":"https:\/\/blitzconquista.com.br\/index.php?rest_route=%2Fwp%2Fv2%2Fcomments&post=30913"}],"version-history":[{"count":0,"href":"https:\/\/blitzconquista.com.br\/index.php?rest_route=\/wp\/v2\/posts\/30913\/revisions"}],"wp:featuredmedia":[{"embeddable":true,"href":"https:\/\/blitzconquista.com.br\/index.php?rest_route=\/"}],"wp:attachment":[{"href":"https:\/\/blitzconquista.com.br\/index.php?rest_route=%2Fwp%2Fv2%2Fmedia&parent=30913"}],"wp:term":[{"taxonomy":"category","embeddable":true,"href":"https:\/\/blitzconquista.com.br\/index.php?rest_route=%2Fwp%2Fv2%2Fcategories&post=30913"},{"taxonomy":"post_tag","embeddable":true,"href":"https:\/\/blitzconquista.com.br\/index.php?rest_route=%2Fwp%2Fv2%2Ftags&post=30913"}],"curies":[{"name":"wp","href":"https:\/\/api.w.org\/{rel}","templated":true}]}}