{"id":30922,"date":"2014-11-30T19:58:55","date_gmt":"2014-11-30T22:58:55","guid":{"rendered":"http:\/\/blitzconquista.com.br\/new\/?p=30922"},"modified":"2014-11-30T19:58:55","modified_gmt":"2014-11-30T22:58:55","slug":"papa-francisco-e-lider-ortodoxo-defendem-reunificacao-das-duas-igrejas","status":"publish","type":"post","link":"https:\/\/blitzconquista.com.br\/?p=30922","title":{"rendered":"Papa Francisco e l\u00edder ortodoxo defendem reunifica\u00e7\u00e3o das duas igrejas"},"content":{"rendered":"<p>O papa Francisco e o l\u00edder da Igreja Ortodoxa, patriarca Bartolomeu I, firmaram neste domingo (30) uma declara\u00e7\u00e3o conjunta pela reunifica\u00e7\u00e3o das duas igrejas, a Cat\u00f3lica e a Ortodoxa, separadas h\u00e1 mil anos.<\/p>\n<p>No \u00faltimo dia de sua visita \u00e0 Turquia, Francisco esteve na catedral ortodoxa de Istambul, onde assegurou que a Igreja Cat\u00f3lica n\u00e3o pretende impor nenhuma exig\u00eancia \u00e0 Igreja Ortodoxa no caminho da unidade entre as duas.<\/p>\n<p>O papa disse que as duas igrejas j\u00e1 est\u00e3o \u201cno caminho rumo \u00e0 plena comunh\u00e3o\u201d, indicando que h\u00e1, na pr\u00e1tica, \u201csinais eloquentes de uma unidade real\u201d.<\/p>\n<p>Depois de rezar uma ora\u00e7\u00e3o em latim e de ouvir o discurso de Bartolomeu, Francisco disse que \u201co que a Igreja Cat\u00f3lica deseja \u00e9 a comunh\u00e3o com as igrejas ortodoxas\u201d.<\/p>\n<p>Para o papa, a uni\u00e3o com os ortodoxos n\u00e3o significar\u00e1 nem a submiss\u00e3o de uns a outros, nem a absor\u00e7\u00e3o de uma institui\u00e7\u00e3o pela outra, mas \u201ca aceita\u00e7\u00e3o de todos os dons que Deus deu a cada um\u201d.<\/p>\n<p>Francisco e o l\u00edder ortodoxo tamb\u00e9m pediram \u00e0 comunidade internacional que \u201cd\u00ea uma resposta apropriada\u201d aos ataques contra crist\u00e3os nos pa\u00edses do M\u00e9dio Oriente.<\/p>\n<p>Os dois l\u00edderes religiosos protestaram pelo que classificam como \u201cum M\u00e9dio Oriente sem crist\u00e3os\u201d, numa alus\u00e3o \u00e0 viol\u00eancia cometida contra os fi\u00e9is em conflitos nos pa\u00edses da regi\u00e3o.<\/p>\n<p>\u201cN\u00e3o podemos nos resignar a um Oriente M\u00e9dio sem crist\u00e3os, que professaram o nome de Jesus ali durante dois mil anos\u201d, disseram os dois l\u00edderes religiosos na declara\u00e7\u00e3o conjunta assinada em Istambul.<\/p>\n<p>\u201cMuitos dos nossos irm\u00e3os e irm\u00e3s est\u00e3o sendo perseguidos e foram expulsos com viol\u00eancia dos seus lugares. Parece que se perdeu o valor da vida, que a pessoa j\u00e1 n\u00e3o importa e que pode se sacrificar a outros interesses\u201d, acrescentam os l\u00edderes religiosos na declara\u00e7\u00e3o.<\/p>\n<p>Antes da celebra\u00e7\u00e3o, Francisco encontrou-se com o gr\u00e3o-rabino turco, Isak Haleva, na sede da representa\u00e7\u00e3o pontif\u00edcia em Istambul. A reuni\u00e3o com o representante dos judeus na Turquia completou uma s\u00e9rie de contatos com outras religi\u00f5es presentes no pa\u00eds. S\u00e1bado, o papa j\u00e1 havia se reunido com mu\u00e7ulmanos, ortodoxos e outros crist\u00e3os.<\/p>\n<p><a href=\"http:\/\/blitzconquista.com.br\/new\/?attachment_id=30914\" rel=\"attachment wp-att-30914\"><img decoding=\"async\" loading=\"lazy\" class=\"alignnone size-full wp-image-30914\" src=\"http:\/\/blitzconquista.com.br\/new\/wp-content\/uploads\/2014\/11\/agencia_brasil_logo.png\" alt=\"agencia_brasil_logo\" width=\"110\" height=\"23\" \/><\/a><\/p>\n","protected":false},"excerpt":{"rendered":"<p>O papa Francisco e o l\u00edder da Igreja Ortodoxa, patriarca Bartolomeu I, firmaram neste domingo (30) uma declara\u00e7\u00e3o conjunta pela reunifica\u00e7\u00e3o das duas igrejas, a Cat\u00f3lica e a Ortodoxa, separadas h\u00e1 mil anos. No \u00faltimo dia de sua visita \u00e0 Turquia, Francisco esteve na catedral ortodoxa de Istambul, onde assegurou que a Igreja Cat\u00f3lica n\u00e3o [&hellip;]<\/p>\n","protected":false},"author":1,"featured_media":30923,"comment_status":"open","ping_status":"closed","sticky":false,"template":"","format":"standard","meta":[],"categories":[4],"tags":[],"_links":{"self":[{"href":"https:\/\/blitzconquista.com.br\/index.php?rest_route=\/wp\/v2\/posts\/30922"}],"collection":[{"href":"https:\/\/blitzconquista.com.br\/index.php?rest_route=\/wp\/v2\/posts"}],"about":[{"href":"https:\/\/blitzconquista.com.br\/index.php?rest_route=\/wp\/v2\/types\/post"}],"author":[{"embeddable":true,"href":"https:\/\/blitzconquista.com.br\/index.php?rest_route=\/wp\/v2\/users\/1"}],"replies":[{"embeddable":true,"href":"https:\/\/blitzconquista.com.br\/index.php?rest_route=%2Fwp%2Fv2%2Fcomments&post=30922"}],"version-history":[{"count":0,"href":"https:\/\/blitzconquista.com.br\/index.php?rest_route=\/wp\/v2\/posts\/30922\/revisions"}],"wp:featuredmedia":[{"embeddable":true,"href":"https:\/\/blitzconquista.com.br\/index.php?rest_route=\/"}],"wp:attachment":[{"href":"https:\/\/blitzconquista.com.br\/index.php?rest_route=%2Fwp%2Fv2%2Fmedia&parent=30922"}],"wp:term":[{"taxonomy":"category","embeddable":true,"href":"https:\/\/blitzconquista.com.br\/index.php?rest_route=%2Fwp%2Fv2%2Fcategories&post=30922"},{"taxonomy":"post_tag","embeddable":true,"href":"https:\/\/blitzconquista.com.br\/index.php?rest_route=%2Fwp%2Fv2%2Ftags&post=30922"}],"curies":[{"name":"wp","href":"https:\/\/api.w.org\/{rel}","templated":true}]}}