{"id":30950,"date":"2014-12-01T10:02:23","date_gmt":"2014-12-01T13:02:23","guid":{"rendered":"http:\/\/blitzconquista.com.br\/new\/?p=30950"},"modified":"2014-12-01T10:02:23","modified_gmt":"2014-12-01T13:02:23","slug":"campanha-de-vacinacao-contra-o-sarampo-e-a-paralisia-infantil-e-prorrogada","status":"publish","type":"post","link":"https:\/\/blitzconquista.com.br\/?p=30950","title":{"rendered":"Campanha de vacina\u00e7\u00e3o contra o sarampo e a paralisia infantil \u00e9 prorrogada"},"content":{"rendered":"<div id=\"stcpDiv\">\n<p>Aten\u00e7\u00e3o, pais!\u00a0Com o objetivo de vacinar 95% das crian\u00e7as com idade entre seis meses e menores de cinco anos contra o sarampo e a paralisia infantil, o Minist\u00e9rio da Sa\u00fade prorrogou a campanha nacional de vacina\u00e7\u00e3o at\u00e9 o dia 12 de dezembro. Em Vit\u00f3ria da Conquista, at\u00e9 o dia 28 de novembro, 69,27% do p\u00fablico-alvo da campanha j\u00e1 havia sido vacinado contra as doen\u00e7as.<\/p>\n<p>Com a prorroga\u00e7\u00e3o, os pais t\u00eam mais uma chance de levarem seus filhos na unidade de sa\u00fade mais pr\u00f3xima da sua casa, de segunda a sexta-feira, das 8h \u00e0s 17h. \u00c9 importante lembrar que as crian\u00e7as s\u00f3 ser\u00e3o vacinadas mediante a apresenta\u00e7\u00e3o do cart\u00e3o de vacina\u00e7\u00e3o. Por isso, os pais ou respons\u00e1veis n\u00e3o podem esquec\u00ea-lo. *Secom<\/p>\n<\/div>\n","protected":false},"excerpt":{"rendered":"<p>Aten\u00e7\u00e3o, pais!\u00a0Com o objetivo de vacinar 95% das crian\u00e7as com idade entre seis meses e menores de cinco anos contra o sarampo e a paralisia infantil, o Minist\u00e9rio da Sa\u00fade prorrogou a campanha nacional de vacina\u00e7\u00e3o at\u00e9 o dia 12 de dezembro. Em Vit\u00f3ria da Conquista, at\u00e9 o dia 28 de novembro, 69,27% do p\u00fablico-alvo [&hellip;]<\/p>\n","protected":false},"author":1,"featured_media":30952,"comment_status":"open","ping_status":"closed","sticky":false,"template":"","format":"standard","meta":[],"categories":[30],"tags":[],"_links":{"self":[{"href":"https:\/\/blitzconquista.com.br\/index.php?rest_route=\/wp\/v2\/posts\/30950"}],"collection":[{"href":"https:\/\/blitzconquista.com.br\/index.php?rest_route=\/wp\/v2\/posts"}],"about":[{"href":"https:\/\/blitzconquista.com.br\/index.php?rest_route=\/wp\/v2\/types\/post"}],"author":[{"embeddable":true,"href":"https:\/\/blitzconquista.com.br\/index.php?rest_route=\/wp\/v2\/users\/1"}],"replies":[{"embeddable":true,"href":"https:\/\/blitzconquista.com.br\/index.php?rest_route=%2Fwp%2Fv2%2Fcomments&post=30950"}],"version-history":[{"count":0,"href":"https:\/\/blitzconquista.com.br\/index.php?rest_route=\/wp\/v2\/posts\/30950\/revisions"}],"wp:featuredmedia":[{"embeddable":true,"href":"https:\/\/blitzconquista.com.br\/index.php?rest_route=\/"}],"wp:attachment":[{"href":"https:\/\/blitzconquista.com.br\/index.php?rest_route=%2Fwp%2Fv2%2Fmedia&parent=30950"}],"wp:term":[{"taxonomy":"category","embeddable":true,"href":"https:\/\/blitzconquista.com.br\/index.php?rest_route=%2Fwp%2Fv2%2Fcategories&post=30950"},{"taxonomy":"post_tag","embeddable":true,"href":"https:\/\/blitzconquista.com.br\/index.php?rest_route=%2Fwp%2Fv2%2Ftags&post=30950"}],"curies":[{"name":"wp","href":"https:\/\/api.w.org\/{rel}","templated":true}]}}