{"id":31033,"date":"2014-12-02T19:43:56","date_gmt":"2014-12-02T22:43:56","guid":{"rendered":"http:\/\/blitzconquista.com.br\/new\/?p=31033"},"modified":"2014-12-02T19:43:56","modified_gmt":"2014-12-02T22:43:56","slug":"grupo-invade-terrenos-no-recanto-das-aguas","status":"publish","type":"post","link":"https:\/\/blitzconquista.com.br\/?p=31033","title":{"rendered":"Grupo invade terrenos no Recanto das \u00c1guas"},"content":{"rendered":"<p>Quem passou no Loteamento Recanto das \u00c1guas nesta ter\u00e7a-feira, 02, se deparou com um grande n\u00famero de pessoas demarcando terrenos numa \u00e1rea desabitada do bairro de mais de 30 mil metros quadrados.<\/p>\n<p><a href=\"http:\/\/blitzconquista.com.br\/new\/?attachment_id=31039\" rel=\"attachment wp-att-31039\"><img decoding=\"async\" loading=\"lazy\" class=\"size-full wp-image-31039 aligncenter\" src=\"http:\/\/blitzconquista.com.br\/new\/wp-content\/uploads\/2014\/12\/asfasfdasfas.jpg\" alt=\"asfasfdasfas\" width=\"590\" height=\"420\" \/><\/a><\/p>\n<p>Dezenas de lotes foram fracionados pelos invasores, os quais alegam que as terras pertencem a Prefeitura. De acordo com os pr\u00f3prios invasores, n\u00e3o tem porque os terrenos estarem ociosos se muitos deles n\u00e3o t\u00eam onde morar.<\/p>\n<p><a href=\"http:\/\/blitzconquista.com.br\/new\/?attachment_id=31036\" rel=\"attachment wp-att-31036\"><img decoding=\"async\" loading=\"lazy\" class=\"size-full wp-image-31036 aligncenter\" src=\"http:\/\/blitzconquista.com.br\/new\/wp-content\/uploads\/2014\/12\/20141202_164033.jpg\" alt=\"20141202_164033\" width=\"590\" height=\"420\" \/><\/a><\/p>\n<p>Alguns ocupantes afirmaram que prepostos da administra\u00e7\u00e3o municipal disseram que somente uma parte do terreno \u2013 destinada a \u00e1rea verde \u2013 n\u00e3o poderia ser invadida. Os ocupantes disseram estar dispostos a conversar com o executivo municipal.<\/p>\n<p><a href=\"http:\/\/blitzconquista.com.br\/new\/?attachment_id=31037\" rel=\"attachment wp-att-31037\"><img decoding=\"async\" loading=\"lazy\" class=\"size-full wp-image-31037 aligncenter\" src=\"http:\/\/blitzconquista.com.br\/new\/wp-content\/uploads\/2014\/12\/20141202_163525.jpg\" alt=\"20141202_163525\" width=\"590\" height=\"420\" \/><\/a><\/p>\n<p>O Blitz Conquista entrou em contado com a Secret\u00e1ria de Comunica\u00e7\u00e3o da Prefeitura de Vit\u00f3ria da Conquista. O Site foi informado, por meio de nota, que <em>\u201cA Prefeitura de Vit\u00f3ria da Conquista, por meio da Secretaria de Infraestrutura Urbana, informa que j\u00e1 est\u00e1 tomando todas as medidas cab\u00edveis sobre a situa\u00e7\u00e3o\u201d.<\/em><\/p>\n<p><a href=\"http:\/\/blitzconquista.com.br\/new\/?attachment_id=31035\" rel=\"attachment wp-att-31035\"><img decoding=\"async\" loading=\"lazy\" class=\"size-full wp-image-31035 aligncenter\" src=\"http:\/\/blitzconquista.com.br\/new\/wp-content\/uploads\/2014\/12\/20141202_164235.jpg\" alt=\"20141202_164235\" width=\"590\" height=\"420\" \/><\/a><\/p>\n<p>Os terrenos invadidos est\u00e3o localizados em frente \u00e0s obras de uma futura creche e pr\u00f3ximos a entrada de um novo empreendimento da cidade.<\/p>\n<p><a href=\"http:\/\/blitzconquista.com.br\/new\/?attachment_id=31034\" rel=\"attachment wp-att-31034\"><img decoding=\"async\" loading=\"lazy\" class=\"size-full wp-image-31034 aligncenter\" src=\"http:\/\/blitzconquista.com.br\/new\/wp-content\/uploads\/2014\/12\/20141202_164257.jpg\" alt=\"20141202_164257\" width=\"590\" height=\"420\" \/><\/a><\/p>\n","protected":false},"excerpt":{"rendered":"<p>Quem passou no Loteamento Recanto das \u00c1guas nesta ter\u00e7a-feira, 02, se deparou com um grande n\u00famero de pessoas demarcando terrenos numa \u00e1rea desabitada do bairro de mais de 30 mil metros quadrados. Dezenas de lotes foram fracionados pelos invasores, os quais alegam que as terras pertencem a Prefeitura. De acordo com os pr\u00f3prios invasores, n\u00e3o [&hellip;]<\/p>\n","protected":false},"author":1,"featured_media":31038,"comment_status":"open","ping_status":"closed","sticky":false,"template":"","format":"standard","meta":[],"categories":[4,212],"tags":[],"_links":{"self":[{"href":"https:\/\/blitzconquista.com.br\/index.php?rest_route=\/wp\/v2\/posts\/31033"}],"collection":[{"href":"https:\/\/blitzconquista.com.br\/index.php?rest_route=\/wp\/v2\/posts"}],"about":[{"href":"https:\/\/blitzconquista.com.br\/index.php?rest_route=\/wp\/v2\/types\/post"}],"author":[{"embeddable":true,"href":"https:\/\/blitzconquista.com.br\/index.php?rest_route=\/wp\/v2\/users\/1"}],"replies":[{"embeddable":true,"href":"https:\/\/blitzconquista.com.br\/index.php?rest_route=%2Fwp%2Fv2%2Fcomments&post=31033"}],"version-history":[{"count":0,"href":"https:\/\/blitzconquista.com.br\/index.php?rest_route=\/wp\/v2\/posts\/31033\/revisions"}],"wp:featuredmedia":[{"embeddable":true,"href":"https:\/\/blitzconquista.com.br\/index.php?rest_route=\/"}],"wp:attachment":[{"href":"https:\/\/blitzconquista.com.br\/index.php?rest_route=%2Fwp%2Fv2%2Fmedia&parent=31033"}],"wp:term":[{"taxonomy":"category","embeddable":true,"href":"https:\/\/blitzconquista.com.br\/index.php?rest_route=%2Fwp%2Fv2%2Fcategories&post=31033"},{"taxonomy":"post_tag","embeddable":true,"href":"https:\/\/blitzconquista.com.br\/index.php?rest_route=%2Fwp%2Fv2%2Ftags&post=31033"}],"curies":[{"name":"wp","href":"https:\/\/api.w.org\/{rel}","templated":true}]}}