{"id":31044,"date":"2014-12-02T20:06:33","date_gmt":"2014-12-02T23:06:33","guid":{"rendered":"http:\/\/blitzconquista.com.br\/new\/?p=31044"},"modified":"2014-12-02T20:06:33","modified_gmt":"2014-12-02T23:06:33","slug":"no-sinal-amarelo-ciclista-e-atropelado-no-cruzamento-do-aeroporto","status":"publish","type":"post","link":"https:\/\/blitzconquista.com.br\/?p=31044","title":{"rendered":"No sinal amarelo: ciclista \u00e9 atropelado no cruzamento do aeroporto"},"content":{"rendered":"<p>Um ciclista foi atropelado na tarde desta ter\u00e7a-feira, 02, no cruzamento do aeroporto, entre as Avenidas Paran\u00e1 e Frei Benjamim.<\/p>\n<p><a href=\"http:\/\/blitzconquista.com.br\/new\/?attachment_id=31046\" rel=\"attachment wp-att-31046\"><img decoding=\"async\" loading=\"lazy\" class=\"size-full wp-image-31046 aligncenter\" src=\"http:\/\/blitzconquista.com.br\/new\/wp-content\/uploads\/2014\/12\/IMG-20141202-WA0039.jpg\" alt=\"IMG-20141202-WA0039\" width=\"590\" height=\"420\" \/><\/a><\/p>\n<p>De acordo com testemunhas, o condutor do carro de passeio seguia sentido aeroporto quando avan\u00e7ou o sinal amarelo e atropelou o ciclista. Com a for\u00e7a do impacto o corpo da v\u00edtima foi projetado contra o ve\u00edculo e quebrou o para-brisa do carro.<\/p>\n<p><a href=\"http:\/\/blitzconquista.com.br\/new\/?attachment_id=31047\" rel=\"attachment wp-att-31047\"><img decoding=\"async\" loading=\"lazy\" class=\"size-full wp-image-31047 aligncenter\" src=\"http:\/\/blitzconquista.com.br\/new\/wp-content\/uploads\/2014\/12\/IMG-20141202-WA0044.jpg\" alt=\"IMG-20141202-WA0044\" width=\"590\" height=\"420\" \/><\/a><\/p>\n<p>A v\u00edtima foi socorrida pelo Samu 192 e encaminhada ao hospital.<\/p>\n","protected":false},"excerpt":{"rendered":"<p>Um ciclista foi atropelado na tarde desta ter\u00e7a-feira, 02, no cruzamento do aeroporto, entre as Avenidas Paran\u00e1 e Frei Benjamim. De acordo com testemunhas, o condutor do carro de passeio seguia sentido aeroporto quando avan\u00e7ou o sinal amarelo e atropelou o ciclista. Com a for\u00e7a do impacto o corpo da v\u00edtima foi projetado contra o [&hellip;]<\/p>\n","protected":false},"author":1,"featured_media":31045,"comment_status":"open","ping_status":"closed","sticky":false,"template":"","format":"standard","meta":[],"categories":[7],"tags":[],"_links":{"self":[{"href":"https:\/\/blitzconquista.com.br\/index.php?rest_route=\/wp\/v2\/posts\/31044"}],"collection":[{"href":"https:\/\/blitzconquista.com.br\/index.php?rest_route=\/wp\/v2\/posts"}],"about":[{"href":"https:\/\/blitzconquista.com.br\/index.php?rest_route=\/wp\/v2\/types\/post"}],"author":[{"embeddable":true,"href":"https:\/\/blitzconquista.com.br\/index.php?rest_route=\/wp\/v2\/users\/1"}],"replies":[{"embeddable":true,"href":"https:\/\/blitzconquista.com.br\/index.php?rest_route=%2Fwp%2Fv2%2Fcomments&post=31044"}],"version-history":[{"count":0,"href":"https:\/\/blitzconquista.com.br\/index.php?rest_route=\/wp\/v2\/posts\/31044\/revisions"}],"wp:featuredmedia":[{"embeddable":true,"href":"https:\/\/blitzconquista.com.br\/index.php?rest_route=\/"}],"wp:attachment":[{"href":"https:\/\/blitzconquista.com.br\/index.php?rest_route=%2Fwp%2Fv2%2Fmedia&parent=31044"}],"wp:term":[{"taxonomy":"category","embeddable":true,"href":"https:\/\/blitzconquista.com.br\/index.php?rest_route=%2Fwp%2Fv2%2Fcategories&post=31044"},{"taxonomy":"post_tag","embeddable":true,"href":"https:\/\/blitzconquista.com.br\/index.php?rest_route=%2Fwp%2Fv2%2Ftags&post=31044"}],"curies":[{"name":"wp","href":"https:\/\/api.w.org\/{rel}","templated":true}]}}