{"id":31078,"date":"2014-12-04T00:12:47","date_gmt":"2014-12-04T03:12:47","guid":{"rendered":"http:\/\/blitzconquista.com.br\/new\/?p=31078"},"modified":"2014-12-04T00:12:47","modified_gmt":"2014-12-04T03:12:47","slug":"alcoolismo-faz-mais-uma-vitima-morte-foi-atestada-pelo-samu-192","status":"publish","type":"post","link":"https:\/\/blitzconquista.com.br\/?p=31078","title":{"rendered":"Alcoolismo faz mais uma v\u00edtima; morte foi atestada pelo Samu 192"},"content":{"rendered":"<p>Jo\u00e3o Alexandre de Carvalho neto, 56 anos, que sofria de alcoolismo cr\u00f4nico, morreu na tarde desta quarta-feira, 03, no interior de casa onde morava no bairro Alto Maron.<\/p>\n<p>De acordo com familiares, Jo\u00e3o sofria com o v\u00edcio da bebida e estava debilitado h\u00e1 v\u00e1rios meses. Por\u00e9m, nos \u00faltimos dois dias apresentou piora e na manh\u00e3 desta quarta caiu no banheiro. Para socorrer Jo\u00e3o, a fam\u00edlia foi obrigada a arrombar uma porta. Ainda pela manh\u00e3, disse ter ligado para o Samu 192. \u00c0 tarde, outras duas liga\u00e7\u00f5es foram feitas, por\u00e9m a ambul\u00e2ncia foi encaminhada ao local ap\u00f3s o terceiro telefonema e depois que foi chamada a pol\u00edcia, disseram os parentes da v\u00edtima.<\/p>\n<p><a href=\"http:\/\/blitzconquista.com.br\/new\/?attachment_id=31080\" rel=\"attachment wp-att-31080\"><img decoding=\"async\" loading=\"lazy\" class=\"size-full wp-image-31080 aligncenter\" src=\"http:\/\/blitzconquista.com.br\/new\/wp-content\/uploads\/2014\/12\/DSC_0984.jpg\" alt=\"DSC_0984\" width=\"590\" height=\"420\" \/><\/a><\/p>\n<p>Em contato com o a Assessoria de Comunica\u00e7\u00e3o da Prefeitura, o Blitz \u201co Servi\u00e7o M\u00f3vel de Urg\u00eancia e Emerg\u00eancia (SAMU 192) recebeu tr\u00eas liga\u00e7\u00f5es dos familiares do morador do Bairro Panorama, nesta quarta-feira, 03 de dezembro. Nos dois primeiros contatos, os familiares receberam todas as orienta\u00e7\u00f5es necess\u00e1rias do m\u00e9dico regulador. Na terceira liga\u00e7\u00e3o, \u00e0s 15h28, o m\u00e9dico regulador encaminhou a equipe que chegou ao local 15h37, quando, infelizmente foi constatado o \u00f3bito\u201d.<\/p>\n<p>A Pol\u00edcia Civil e a per\u00edcia t\u00e9cnica foram acionados e atestaram que Jo\u00e3o morreu de morte natural, provavelmente gerada por complica\u00e7\u00f5es do problema de alcoolismo.<\/p>\n","protected":false},"excerpt":{"rendered":"<p>Jo\u00e3o Alexandre de Carvalho neto, 56 anos, que sofria de alcoolismo cr\u00f4nico, morreu na tarde desta quarta-feira, 03, no interior de casa onde morava no bairro Alto Maron. De acordo com familiares, Jo\u00e3o sofria com o v\u00edcio da bebida e estava debilitado h\u00e1 v\u00e1rios meses. Por\u00e9m, nos \u00faltimos dois dias apresentou piora e na manh\u00e3 [&hellip;]<\/p>\n","protected":false},"author":1,"featured_media":31079,"comment_status":"open","ping_status":"closed","sticky":false,"template":"","format":"standard","meta":[],"categories":[4],"tags":[],"_links":{"self":[{"href":"https:\/\/blitzconquista.com.br\/index.php?rest_route=\/wp\/v2\/posts\/31078"}],"collection":[{"href":"https:\/\/blitzconquista.com.br\/index.php?rest_route=\/wp\/v2\/posts"}],"about":[{"href":"https:\/\/blitzconquista.com.br\/index.php?rest_route=\/wp\/v2\/types\/post"}],"author":[{"embeddable":true,"href":"https:\/\/blitzconquista.com.br\/index.php?rest_route=\/wp\/v2\/users\/1"}],"replies":[{"embeddable":true,"href":"https:\/\/blitzconquista.com.br\/index.php?rest_route=%2Fwp%2Fv2%2Fcomments&post=31078"}],"version-history":[{"count":0,"href":"https:\/\/blitzconquista.com.br\/index.php?rest_route=\/wp\/v2\/posts\/31078\/revisions"}],"wp:featuredmedia":[{"embeddable":true,"href":"https:\/\/blitzconquista.com.br\/index.php?rest_route=\/"}],"wp:attachment":[{"href":"https:\/\/blitzconquista.com.br\/index.php?rest_route=%2Fwp%2Fv2%2Fmedia&parent=31078"}],"wp:term":[{"taxonomy":"category","embeddable":true,"href":"https:\/\/blitzconquista.com.br\/index.php?rest_route=%2Fwp%2Fv2%2Fcategories&post=31078"},{"taxonomy":"post_tag","embeddable":true,"href":"https:\/\/blitzconquista.com.br\/index.php?rest_route=%2Fwp%2Fv2%2Ftags&post=31078"}],"curies":[{"name":"wp","href":"https:\/\/api.w.org\/{rel}","templated":true}]}}