{"id":31136,"date":"2014-12-04T21:57:34","date_gmt":"2014-12-05T00:57:34","guid":{"rendered":"http:\/\/blitzconquista.com.br\/new\/?p=31136"},"modified":"2014-12-04T21:57:34","modified_gmt":"2014-12-05T00:57:34","slug":"saude-regulamenta-normas-para-ambientes-em-que-o-fumo-e-permitido","status":"publish","type":"post","link":"https:\/\/blitzconquista.com.br\/?p=31136","title":{"rendered":"Sa\u00fade regulamenta normas para ambientes em que o fumo \u00e9 permitido"},"content":{"rendered":"<p>Estabelecimentos comerciais destinados especificamente \u00e0 comercializa\u00e7\u00e3o de produtos fum\u00edgenos e ambientes fechados onde o fumo ser\u00e1 permitido &#8211; como tabacarias, locais de pesquisa e sets de filmagens &#8211; v\u00e3o precisar se adequar a normas fixadas hoje (4) pelo Minist\u00e9rio da Sa\u00fade.<\/p>\n<p>Os locais est\u00e3o previstos como exce\u00e7\u00e3o na Lei Antifumo, que entrou em vigor ontem (3), e que pro\u00edbe o cigarro em ambientes fechados p\u00fablicos e privados.<\/p>\n<p>As regras da pasta incluem, por exemplo, que o sistema de ventila\u00e7\u00e3o seja mantido em opera\u00e7\u00e3o ap\u00f3s a desocupa\u00e7\u00e3o e a desativa\u00e7\u00e3o da \u00e1rea exclusiva, sendo desligado automaticamente. O objetivo \u00e9 exaurir os res\u00edduos e odores que podem permanecer no ambiente fechado.<\/p>\n<p>Os revestimentos, pisos, tetos e as bancadas desses locais devem ser resistentes ao uso de desinfetantes, com o menor n\u00famero poss\u00edvel de ranhuras ou frestas. J\u00e1 o mobili\u00e1rio deve ser de material n\u00e3o combust\u00edvel, de f\u00e1cil limpeza e que minimize a absor\u00e7\u00e3o de part\u00edculas.<\/p>\n<p>Tamb\u00e9m fica previsto que os servi\u00e7os de limpeza e manuten\u00e7\u00e3o das instala\u00e7\u00f5es e dos equipamentos s\u00f3 poder\u00e3o ser feitos quando os locais n\u00e3o estiverem em funcionamento.<\/p>\n<p>De acordo com o ministro da Sa\u00fade, Arthur Chioro, a ideia \u00e9 regulamentar as condi\u00e7\u00f5es de isolamento, ventila\u00e7\u00e3o, exaust\u00e3o do ar e outras medidas de prote\u00e7\u00e3o do trabalhador em rela\u00e7\u00e3o \u00e0 exposi\u00e7\u00e3o ao fumo nos ambientes de exce\u00e7\u00e3o na Lei Antifumo.<\/p>\n<p>&#8220;Considero um grande marco, um grande salto que n\u00f3s, no Brasil, conquistamos com a regulamenta\u00e7\u00e3o do decreto que entrou em vig\u00eancia a partir de ontem&#8221;, disse.<\/p>\n<p>A regras constam em uma portaria assinada em parceria com o Minist\u00e9rio do Trabalho e Emprego. Os estabelecimentos ter\u00e3o um prazo m\u00e1ximo de 180 dias, ap\u00f3s a publica\u00e7\u00e3o do documento, para se adaptarem \u00e0s normas..<\/p>\n<p>A diretora do departamento de Vigil\u00e2ncia \u00e0 Doen\u00e7as e Agravos N\u00e3o Transmiss\u00edveis, D\u00e9borah Malta, lembrou que o descumprimento das novas normas constitui infra\u00e7\u00e3o de natureza sanit\u00e1ria com previs\u00e3o de multa que varia de R$ 5 mil a R$ 1,5 milh\u00e3o.<\/p>\n<p>&#8220;Algumas leis municipais j\u00e1 haviam se antecipado [em rela\u00e7\u00e3o a normas como o fim dos fum\u00f3dromos], mas havia grande diverg\u00eancia. A lei avan\u00e7a nesse sentido&#8221;, avaliou.<\/p>\n<p>Dados do minist\u00e9rio apontam que, no Brasil, o percentual de fumantes caiu 28% nas capitais brasileiras nos \u00faltimos oito anos. Em 2006, 15,7% da popula\u00e7\u00e3o adulta que vivia nas capitais fumava. Em 2013, a preval\u00eancia caiu para 11,3%. O dado \u00e9 tr\u00eas vezes menor que o \u00edndice registrado em 1989, quando 34,8% da popula\u00e7\u00e3o brasileira fumava. A meta do governo federal \u00e9 chegar ao \u00edndice de 9% nas capitais at\u00e9 2022.<\/p>\n<p>De acordo com a Organiza\u00e7\u00e3o Mundial da Sa\u00fade (OMS), o tabagismo \u00e9 respons\u00e1vel por cerca de 200 mil mortes por ano no Brasil. A depend\u00eancia da nicotina exp\u00f5e os fumantes a mais de 4 mil subst\u00e2ncias t\u00f3xicas consideradas fatores de risco para cerca de 50 doen\u00e7as, principalmente respirat\u00f3rias e cardiovasculares, al\u00e9m de tipos de c\u00e2ncer como o de pulm\u00e3o e br\u00f4nquios.<\/p>\n<p><img decoding=\"async\" loading=\"lazy\" class=\"size-full wp-image-30914 alignleft\" src=\"http:\/\/blitzconquista.com.br\/new\/wp-content\/uploads\/2014\/11\/agencia_brasil_logo.png\" alt=\"agencia_brasil_logo\" width=\"110\" height=\"23\" \/><\/p>\n","protected":false},"excerpt":{"rendered":"<p>Estabelecimentos comerciais destinados especificamente \u00e0 comercializa\u00e7\u00e3o de produtos fum\u00edgenos e ambientes fechados onde o fumo ser\u00e1 permitido &#8211; como tabacarias, locais de pesquisa e sets de filmagens &#8211; v\u00e3o precisar se adequar a normas fixadas hoje (4) pelo Minist\u00e9rio da Sa\u00fade. Os locais est\u00e3o previstos como exce\u00e7\u00e3o na Lei Antifumo, que entrou em vigor ontem [&hellip;]<\/p>\n","protected":false},"author":1,"featured_media":30863,"comment_status":"open","ping_status":"closed","sticky":false,"template":"","format":"standard","meta":[],"categories":[30],"tags":[],"_links":{"self":[{"href":"https:\/\/blitzconquista.com.br\/index.php?rest_route=\/wp\/v2\/posts\/31136"}],"collection":[{"href":"https:\/\/blitzconquista.com.br\/index.php?rest_route=\/wp\/v2\/posts"}],"about":[{"href":"https:\/\/blitzconquista.com.br\/index.php?rest_route=\/wp\/v2\/types\/post"}],"author":[{"embeddable":true,"href":"https:\/\/blitzconquista.com.br\/index.php?rest_route=\/wp\/v2\/users\/1"}],"replies":[{"embeddable":true,"href":"https:\/\/blitzconquista.com.br\/index.php?rest_route=%2Fwp%2Fv2%2Fcomments&post=31136"}],"version-history":[{"count":0,"href":"https:\/\/blitzconquista.com.br\/index.php?rest_route=\/wp\/v2\/posts\/31136\/revisions"}],"wp:featuredmedia":[{"embeddable":true,"href":"https:\/\/blitzconquista.com.br\/index.php?rest_route=\/"}],"wp:attachment":[{"href":"https:\/\/blitzconquista.com.br\/index.php?rest_route=%2Fwp%2Fv2%2Fmedia&parent=31136"}],"wp:term":[{"taxonomy":"category","embeddable":true,"href":"https:\/\/blitzconquista.com.br\/index.php?rest_route=%2Fwp%2Fv2%2Fcategories&post=31136"},{"taxonomy":"post_tag","embeddable":true,"href":"https:\/\/blitzconquista.com.br\/index.php?rest_route=%2Fwp%2Fv2%2Ftags&post=31136"}],"curies":[{"name":"wp","href":"https:\/\/api.w.org\/{rel}","templated":true}]}}