{"id":31171,"date":"2014-12-05T09:58:00","date_gmt":"2014-12-05T12:58:00","guid":{"rendered":"http:\/\/blitzconquista.com.br\/new\/?p=31171"},"modified":"2014-12-05T09:58:00","modified_gmt":"2014-12-05T12:58:00","slug":"administracao-municipal-recebe-representantes-do-esporte-clube-primeiro-passo-vitoria-da-conquista","status":"publish","type":"post","link":"https:\/\/blitzconquista.com.br\/?p=31171","title":{"rendered":"Administra\u00e7\u00e3o Municipal recebe representantes do Esporte Clube Primeiro Passo Vit\u00f3ria da Conquista"},"content":{"rendered":"<div id=\"stcpDiv\">\n<p>Na manh\u00e3 desta quinta-feira, 4, o prefeito Guilherme Menezes \u2013 acompanhado de outros representantes do Governo Municipal, entre eles, o vice-prefeito, Jo\u00e1s Meira \u2013 se reuniu com o presidente do Esporte Clube Primeiro Passo Vit\u00f3ria da Conquista, Ederlane Amorim, entre outros membros do time. A equipe veio at\u00e9 a Prefeitura para agradecer ao Governo Municipal pelo apoio ao time.<\/p>\n<p>\u201cPara n\u00f3s, \u00e9 uma honra o esporte do munic\u00edpio poder ter um time de futebol como esse que est\u00e1 levando o nome da nossa cidade para todo o pa\u00eds. Nos sentimos muito felizes com a presen\u00e7a de voc\u00eas e desejamos ainda mais sucesso nessa trajet\u00f3ria\u201d, disse o prefeito Guilherme Menezes.<\/p>\n<p>O Vit\u00f3ria da Conquista foi campe\u00e3o da Copa Governador do Estado pela quarta vez neste \u00faltimo domingo, 30, vencendo a Jacuipense, pelo placar de 3 a 1, no Est\u00e1dio Lomanto J\u00fanior. A vit\u00f3ria garantiu ainda uma vaga ao time conquistense na Copa do Brasil. \u201cJ\u00e1 s\u00e3o dez anos do time e estamos muito felizes por todas essas conquistas. E quer\u00edamos agradecer o apoio que o \u00a0Governo Municipal sempre nos deu. Esse apoio \u00e9 crucial para o crescimento do nosso time\u201d.<\/p>\n<p>Este ano, o Esporte Clube Primeiro Passo Vit\u00f3ria da Conquista\u00a0tamb\u00e9m ficou em 3\u00ba lugar no Campeonato Baiano Juvenil e contou com o apoio total da Prefeitura Municipal na quest\u00e3o de transporte e viagens. Al\u00e9m disso, a Administra\u00e7\u00e3o Municipal tamb\u00e9m contribuiu na constru\u00e7\u00e3o do centro de treinamento do time. <em>*Secom<\/em><\/p>\n<\/div>\n","protected":false},"excerpt":{"rendered":"<p>Na manh\u00e3 desta quinta-feira, 4, o prefeito Guilherme Menezes \u2013 acompanhado de outros representantes do Governo Municipal, entre eles, o vice-prefeito, Jo\u00e1s Meira \u2013 se reuniu com o presidente do Esporte Clube Primeiro Passo Vit\u00f3ria da Conquista, Ederlane Amorim, entre outros membros do time. A equipe veio at\u00e9 a Prefeitura para agradecer ao Governo Municipal [&hellip;]<\/p>\n","protected":false},"author":1,"featured_media":31172,"comment_status":"open","ping_status":"closed","sticky":false,"template":"","format":"standard","meta":[],"categories":[1],"tags":[],"_links":{"self":[{"href":"https:\/\/blitzconquista.com.br\/index.php?rest_route=\/wp\/v2\/posts\/31171"}],"collection":[{"href":"https:\/\/blitzconquista.com.br\/index.php?rest_route=\/wp\/v2\/posts"}],"about":[{"href":"https:\/\/blitzconquista.com.br\/index.php?rest_route=\/wp\/v2\/types\/post"}],"author":[{"embeddable":true,"href":"https:\/\/blitzconquista.com.br\/index.php?rest_route=\/wp\/v2\/users\/1"}],"replies":[{"embeddable":true,"href":"https:\/\/blitzconquista.com.br\/index.php?rest_route=%2Fwp%2Fv2%2Fcomments&post=31171"}],"version-history":[{"count":0,"href":"https:\/\/blitzconquista.com.br\/index.php?rest_route=\/wp\/v2\/posts\/31171\/revisions"}],"wp:featuredmedia":[{"embeddable":true,"href":"https:\/\/blitzconquista.com.br\/index.php?rest_route=\/"}],"wp:attachment":[{"href":"https:\/\/blitzconquista.com.br\/index.php?rest_route=%2Fwp%2Fv2%2Fmedia&parent=31171"}],"wp:term":[{"taxonomy":"category","embeddable":true,"href":"https:\/\/blitzconquista.com.br\/index.php?rest_route=%2Fwp%2Fv2%2Fcategories&post=31171"},{"taxonomy":"post_tag","embeddable":true,"href":"https:\/\/blitzconquista.com.br\/index.php?rest_route=%2Fwp%2Fv2%2Ftags&post=31171"}],"curies":[{"name":"wp","href":"https:\/\/api.w.org\/{rel}","templated":true}]}}