{"id":31190,"date":"2014-12-05T20:15:14","date_gmt":"2014-12-05T23:15:14","guid":{"rendered":"http:\/\/blitzconquista.com.br\/new\/?p=31190"},"modified":"2014-12-05T20:15:14","modified_gmt":"2014-12-05T23:15:14","slug":"camara-entrega-titulo-a-novos-cidadaos-conquistenses","status":"publish","type":"post","link":"https:\/\/blitzconquista.com.br\/?p=31190","title":{"rendered":"C\u00e2mara entrega t\u00edtulo a novos cidad\u00e3os conquistenses"},"content":{"rendered":"<div id=\"stcpDiv\">\n<p>A C\u00e2mara Municipal de Vit\u00f3ria da Conquista realizou na noite desta quinta-feira (4), Sess\u00e3o Solene para entrega do T\u00edtulo de Cidad\u00e3o Conquistense, no audit\u00f3rio do Centro Municipal de Atendimento Especializado\/Cemae. Neste ano, foram homenageadas pelo Legislativo 40 pessoas que escolheram Vit\u00f3ria da Conquista para morar, estudar ou trabalhar, e que j\u00e1 s\u00e3o considerados filho da terra.<\/p>\n<p>O T\u00edtulo de Cidad\u00e3o Conquistense \u00e9 uma honraria prestada pelo Legislativo, e tem a finalidade de reconhecer a relev\u00e2ncia de pessoas que n\u00e3o nasceram em Conquista, mas que contribu\u00edram com trabalho e dedica\u00e7\u00e3o para o desenvolvimento do munic\u00edpio.<\/p>\n<p>Os vereadores reconhecem a entrega do T\u00edtulo de Cidad\u00e3o Conquistense como um ato de grande relev\u00e2ncia, uma vez que os homenageados representam as pessoas que vieram de outras cidades e escolheram o munic\u00edpio para morar, contribuindo assim para o desenvolvimento de Vit\u00f3ria da Conquista.<\/p>\n<p><img decoding=\"async\" loading=\"lazy\" class=\"alignleft\" src=\"http:\/\/img.camaravc.com.br\/images\/2014\/Sess%C3%B5es\/12%20-%20Dezembro\/04_Dez_14%20-%20Titulo%20Cidadao%20Conquistense%20-%20evento\/TCCa04_dez_143.jpg\" alt=\"\" width=\"250\" height=\"166\" \/>Para o presidente da C\u00e2mara, vereador Fernando Vasconcelos (PT), a entrega do T\u00edtulo de Cidad\u00e3o Conquistense representa um grande momento para o Legislativo. &#8220;Sentimo-nos honrados e orgulhosos em poder proportcionar a Vit\u00f3ria da Conquista um momento de celebra\u00e7\u00e3o e reconhecimento a cada um de voc\u00eas que se dedicam a nossa cidade em todos os dias de suas vidas, em diversas \u00e1reas. Todos os homenageados foram escolhidos com muito rigor pela Casa, e foram escolhidos por merecimento. A honraria n\u00e3o \u00e9 apenas uma placa, \u00e9 a representa\u00e7\u00e3o clara de um ato que \u00e9 um orgulho para cada um de n\u00f3s. Que possamos a partir dessa noite refletir sobre o papel e a responsabilidade que temos&#8221;.<\/p>\n<p><img decoding=\"async\" loading=\"lazy\" class=\"alignright\" src=\"http:\/\/img.camaravc.com.br\/images\/2014\/Sess%C3%B5es\/12%20-%20Dezembro\/04_Dez_14%20-%20Titulo%20Cidadao%20Conquistense%20-%20evento\/TCCa04_dez_145.jpg\" alt=\"\" width=\"250\" height=\"166\" \/>O deputado estadual Jean Fabr\u00edcio destacou a import\u00e2ncia do Legislativo de Vit\u00f3ria da Conquista e elogiou a atua\u00e7\u00e3o de todos os parlamentares. Segundo ele, participar do T\u00edtulo de Cidad\u00e3o Conquistense \u00e9 uma honra, uma vez que a homenagem agracia pessoas que contribu\u00edram para o desenvolvimento do munic\u00edpio. &#8220;Para mim, o T\u00edtulo \u00e9 uma honraria que demonstra a for\u00e7a das pessoas que aqui chegaram e que contribu\u00edram para seu desenvolvimento. \u00c9 o reconhecimento da cidadania daqules que n\u00e3o nasceram aqui, mas que s\u00e3o filhos da terra. Tenho certeza que cada um dos vereadores desta Casa representa a popula\u00e7\u00e3o com respeito e com dignidade&#8221;.<\/p>\n<p><img decoding=\"async\" loading=\"lazy\" class=\"alignleft\" src=\"http:\/\/img.camaravc.com.br\/images\/2014\/Sess%C3%B5es\/12%20-%20Dezembro\/04_Dez_14%20-%20Titulo%20Cidadao%20Conquistense%20-%20evento\/TCCa04_dez_146.jpg\" alt=\"\" width=\"249\" height=\"165\" \/>O deputado estadual Jos\u00e9 Raimundo Fontes elogiou a atua\u00e7\u00e3o do Legislativo Conquistense e destacou a import\u00e2ncia do T\u00edtulo. &#8220;A C\u00e2mara de Vereadores \u00e9 uma das institui\u00e7\u00f5es mais democr\u00e1ticas do Brasil, pois, al\u00e9m de todo o papel que lhe \u00e9 atribu\u00eddo, tem escutado e representado da melhor maneira o povo conquistense, criando ainda processos que interagem com a popula\u00e7\u00e3o. O T\u00edtulo \u00e9 uma oportunidade em que a popula\u00e7ao menos reconhecida se congratula, e esse sentimento de pertencimento certamente tem grande import\u00e2ncia. Essa honraria demonstra que a cidade reconhece abertamente que todos os homenageados fazem parte dela&#8221;.<\/p>\n<p><img decoding=\"async\" loading=\"lazy\" class=\"alignright\" src=\"http:\/\/img.camaravc.com.br\/images\/2014\/Sess%C3%B5es\/12%20-%20Dezembro\/04_Dez_14%20-%20Titulo%20Cidadao%20Conquistense%20-%20evento\/TCCa04_dez_147.jpg\" alt=\"\" width=\"250\" height=\"166\" \/>O vice-prefeito de Vit\u00f3ria da Conquista, Jo\u00e1s Meira, comentou a relev\u00e2ncia do T\u00edtulo e ressaltou a import\u00e2ncia de cada um dos novos cidad\u00e3os conquistenses. &#8220;Esta cerim\u00f4nia \u00e9 uma festa realizada pelo Legislativo com muita honra, e homenageia pessoas que merecem ser contempladas. Certamente voc\u00eas foram escolhidos para receber a honraria por um motivo especial, ent\u00e3o, sintam-se honrados. \u00c9 uma satisfa\u00e7\u00e3o estar aqui representando o Executivo para confirmar junto \u00e0 C\u00e2mara Municipal que nos sentimos muito felizes por tudo aquilo que voc\u00eas, novos cidad\u00e3os, j\u00e1 fizeram pelo munic\u00edpio&#8221;, disse, destacando ainda o progresso de Conquista, e pedindo que todos se unam cada vez mais em prol do desenvolvimento da cidade.<\/p>\n<p><img decoding=\"async\" loading=\"lazy\" class=\"alignleft\" src=\"http:\/\/img.camaravc.com.br\/images\/2014\/Sess%C3%B5es\/12%20-%20Dezembro\/04_Dez_14%20-%20Titulo%20Cidadao%20Conquistense%20-%20evento\/TCCa04_dez_141.jpg\" alt=\"\" width=\"251\" height=\"166\" \/>Ainda durante a solenidade os cantores Djavan Dutra e Daniela Alves interpretaram can\u00e7\u00f5es e emocionaram os presentes.<\/p>\n<p><img decoding=\"async\" loading=\"lazy\" class=\"alignright\" src=\"http:\/\/img.camaravc.com.br\/images\/2014\/Sess%C3%B5es\/12%20-%20Dezembro\/04_Dez_14%20-%20Titulo%20Cidadao%20Conquistense%20-%20evento\/TCCa04_dez_142.jpg\" alt=\"\" width=\"250\" height=\"166\" \/>O m\u00fasico Willian dos Anjos e o grupo de crian\u00e7as do C\u00edrculo Escolar de Dantil\u00e2ndia e das Escolas Josias Casaes Fran\u00e7a tamb\u00e9m se apresentaram.<\/p>\n<p>Por Fl\u00e1via Rezende \/ ASCOMCV<\/p>\n<\/div>\n","protected":false},"excerpt":{"rendered":"<p>A C\u00e2mara Municipal de Vit\u00f3ria da Conquista realizou na noite desta quinta-feira (4), Sess\u00e3o Solene para entrega do T\u00edtulo de Cidad\u00e3o Conquistense, no audit\u00f3rio do Centro Municipal de Atendimento Especializado\/Cemae. Neste ano, foram homenageadas pelo Legislativo 40 pessoas que escolheram Vit\u00f3ria da Conquista para morar, estudar ou trabalhar, e que j\u00e1 s\u00e3o considerados filho da [&hellip;]<\/p>\n","protected":false},"author":1,"featured_media":31191,"comment_status":"open","ping_status":"closed","sticky":false,"template":"","format":"standard","meta":[],"categories":[5],"tags":[],"_links":{"self":[{"href":"https:\/\/blitzconquista.com.br\/index.php?rest_route=\/wp\/v2\/posts\/31190"}],"collection":[{"href":"https:\/\/blitzconquista.com.br\/index.php?rest_route=\/wp\/v2\/posts"}],"about":[{"href":"https:\/\/blitzconquista.com.br\/index.php?rest_route=\/wp\/v2\/types\/post"}],"author":[{"embeddable":true,"href":"https:\/\/blitzconquista.com.br\/index.php?rest_route=\/wp\/v2\/users\/1"}],"replies":[{"embeddable":true,"href":"https:\/\/blitzconquista.com.br\/index.php?rest_route=%2Fwp%2Fv2%2Fcomments&post=31190"}],"version-history":[{"count":0,"href":"https:\/\/blitzconquista.com.br\/index.php?rest_route=\/wp\/v2\/posts\/31190\/revisions"}],"wp:featuredmedia":[{"embeddable":true,"href":"https:\/\/blitzconquista.com.br\/index.php?rest_route=\/"}],"wp:attachment":[{"href":"https:\/\/blitzconquista.com.br\/index.php?rest_route=%2Fwp%2Fv2%2Fmedia&parent=31190"}],"wp:term":[{"taxonomy":"category","embeddable":true,"href":"https:\/\/blitzconquista.com.br\/index.php?rest_route=%2Fwp%2Fv2%2Fcategories&post=31190"},{"taxonomy":"post_tag","embeddable":true,"href":"https:\/\/blitzconquista.com.br\/index.php?rest_route=%2Fwp%2Fv2%2Ftags&post=31190"}],"curies":[{"name":"wp","href":"https:\/\/api.w.org\/{rel}","templated":true}]}}