{"id":31272,"date":"2014-12-09T11:51:27","date_gmt":"2014-12-09T14:51:27","guid":{"rendered":"http:\/\/blitzconquista.com.br\/new\/?p=31272"},"modified":"2014-12-09T11:51:27","modified_gmt":"2014-12-09T14:51:27","slug":"por-isso-e-que-eu-canto-semifinais-comecam-nessa-terca-9","status":"publish","type":"post","link":"https:\/\/blitzconquista.com.br\/?p=31272","title":{"rendered":"Por isso \u00e9 que eu canto: semifinais come\u00e7am nessa ter\u00e7a, 9"},"content":{"rendered":"<div id=\"stcpDiv\">\n<p>Ap\u00f3s quatro dias de eliminat\u00f3rias e 65 apresenta\u00e7\u00f5es, 34 candidatos foram escolhidos para avan\u00e7ar para a semifinal do concurso musical \u201cPor isso \u00e9 que eu canto\u201d, que acontece nessa ter\u00e7a e quarta-feira, 9 e 10 de dezembro, \u00e0s 18h, na Pra\u00e7a 9 de Novembro. O concurso \u00e9 uma realiza\u00e7\u00e3o da Prefeitura de Vit\u00f3ria da Conquista, por meio da Secretaria Municipal de Cultura, Turismo, Esporte e Lazer.<\/p>\n<p>Nas semifinais, se apresentar\u00e3o 17 int\u00e9rpretes classificados nas eliminat\u00f3rias no dia 9 e mais 17 no dia 10. Ser\u00e3o classificados 8 int\u00e9rpretes a cada dia para a final. Esta ocorrer\u00e1 nos dias 11 e 12 de dezembro, a soma das notas dos dois dias definir\u00e1 os ganhadores.<\/p>\n<p>Ser\u00e3o premiados o 1\u00b0, o 2\u00b0 e o 3\u00b0 lugar. Os tr\u00eas finalistas receber\u00e3o pr\u00eamio em dinheiro e a oportunidade de abrir shows no \u201cNatal da Cidade\u201d. O 1\u00b0 lugar receber\u00e1 R$4.000; o 2\u00b0, R$ 2.000; e o 3\u00b0, R$ 1.000.<\/p>\n<p>Confira:<\/p>\n<p><strong><a href=\"http:\/\/www.pmvc.ba.gov.br\/v2\/wp-content\/uploads\/ordem-de-apresenta%C3%A7%C3%A3o.pdf\" target=\"_blank\">Ordem de apresenta\u00e7\u00e3o das semifinais \u2013 9\/12 e 10\/12<\/a> <\/strong><\/p>\n<\/div>\n","protected":false},"excerpt":{"rendered":"<p>Ap\u00f3s quatro dias de eliminat\u00f3rias e 65 apresenta\u00e7\u00f5es, 34 candidatos foram escolhidos para avan\u00e7ar para a semifinal do concurso musical \u201cPor isso \u00e9 que eu canto\u201d, que acontece nessa ter\u00e7a e quarta-feira, 9 e 10 de dezembro, \u00e0s 18h, na Pra\u00e7a 9 de Novembro. O concurso \u00e9 uma realiza\u00e7\u00e3o da Prefeitura de Vit\u00f3ria da Conquista, [&hellip;]<\/p>\n","protected":false},"author":1,"featured_media":31273,"comment_status":"open","ping_status":"closed","sticky":false,"template":"","format":"standard","meta":[],"categories":[4],"tags":[],"_links":{"self":[{"href":"https:\/\/blitzconquista.com.br\/index.php?rest_route=\/wp\/v2\/posts\/31272"}],"collection":[{"href":"https:\/\/blitzconquista.com.br\/index.php?rest_route=\/wp\/v2\/posts"}],"about":[{"href":"https:\/\/blitzconquista.com.br\/index.php?rest_route=\/wp\/v2\/types\/post"}],"author":[{"embeddable":true,"href":"https:\/\/blitzconquista.com.br\/index.php?rest_route=\/wp\/v2\/users\/1"}],"replies":[{"embeddable":true,"href":"https:\/\/blitzconquista.com.br\/index.php?rest_route=%2Fwp%2Fv2%2Fcomments&post=31272"}],"version-history":[{"count":0,"href":"https:\/\/blitzconquista.com.br\/index.php?rest_route=\/wp\/v2\/posts\/31272\/revisions"}],"wp:featuredmedia":[{"embeddable":true,"href":"https:\/\/blitzconquista.com.br\/index.php?rest_route=\/"}],"wp:attachment":[{"href":"https:\/\/blitzconquista.com.br\/index.php?rest_route=%2Fwp%2Fv2%2Fmedia&parent=31272"}],"wp:term":[{"taxonomy":"category","embeddable":true,"href":"https:\/\/blitzconquista.com.br\/index.php?rest_route=%2Fwp%2Fv2%2Fcategories&post=31272"},{"taxonomy":"post_tag","embeddable":true,"href":"https:\/\/blitzconquista.com.br\/index.php?rest_route=%2Fwp%2Fv2%2Ftags&post=31272"}],"curies":[{"name":"wp","href":"https:\/\/api.w.org\/{rel}","templated":true}]}}