{"id":31288,"date":"2014-12-10T09:00:36","date_gmt":"2014-12-10T12:00:36","guid":{"rendered":"http:\/\/blitzconquista.com.br\/new\/?p=31288"},"modified":"2014-12-10T09:00:36","modified_gmt":"2014-12-10T12:00:36","slug":"vacinacao-contra-polio-e-sarampo-segue-ate-o-dia-12","status":"publish","type":"post","link":"https:\/\/blitzconquista.com.br\/?p=31288","title":{"rendered":"Vacina\u00e7\u00e3o contra p\u00f3lio e sarampo segue at\u00e9 o dia 12"},"content":{"rendered":"<p>Na pr\u00f3xima sexta-feira(12) se encerra a campanha de vacina\u00e7\u00e3o contra sarampo e poliomielite. A campanha teve in\u00edcio no dia 8 de novembro e terminaria no \u00faltimo dia 28 de novembro. Para atingir a meta de 95% das crian\u00e7as com idade entre seis meses e menores de cinco anos, o Minist\u00e9rio da Sa\u00fade prorrogou a campanha nacional de vacina\u00e7\u00e3o at\u00e9 o dia 12. Em Vit\u00f3ria da Conquista, at\u00e9 o dia 28 de novembro, 69,27% do p\u00fablico-alvo da campanha j\u00e1 havia sido vacinado contra as doen\u00e7as.<\/p>\n<p>Com a prorroga\u00e7\u00e3o, os pais t\u00eam mais uma chance de levarem seus filhos na unidade de sa\u00fade mais pr\u00f3xima da sua casa, de segunda a sexta-feira, das 8h \u00e0s 17h. \u00c9 importante lembrar que as crian\u00e7as s\u00f3 ser\u00e3o vacinadas mediante a apresenta\u00e7\u00e3o do cart\u00e3o de vacina\u00e7\u00e3o. Por isso, os pais ou respons\u00e1veis n\u00e3o podem esquec\u00ea-lo.<\/p>\n<p>Apesar do Brasil n\u00e3o apresentar nenhum caso de poliomielite desde 1990, \u00e9 importante cumprir o calend\u00e1rio de vacina\u00e7\u00e3o, pois o v\u00edrus ainda est\u00e1 ativo em alguns pa\u00edses, principalmente na \u00c1frica. Com rela\u00e7\u00e3o ao sarampo entre 2013 e setembro de 2014 foram registrados 596 casos da doen\u00e7a no pa\u00eds, com maior concentra\u00e7\u00e3o nos estados de Pernambuco, com 224 casos, e Cear\u00e1, com 365.<\/p>\n","protected":false},"excerpt":{"rendered":"<p>Na pr\u00f3xima sexta-feira(12) se encerra a campanha de vacina\u00e7\u00e3o contra sarampo e poliomielite. A campanha teve in\u00edcio no dia 8 de novembro e terminaria no \u00faltimo dia 28 de novembro. Para atingir a meta de 95% das crian\u00e7as com idade entre seis meses e menores de cinco anos, o Minist\u00e9rio da Sa\u00fade prorrogou a campanha [&hellip;]<\/p>\n","protected":false},"author":1,"featured_media":26267,"comment_status":"open","ping_status":"closed","sticky":false,"template":"","format":"standard","meta":[],"categories":[30],"tags":[],"_links":{"self":[{"href":"https:\/\/blitzconquista.com.br\/index.php?rest_route=\/wp\/v2\/posts\/31288"}],"collection":[{"href":"https:\/\/blitzconquista.com.br\/index.php?rest_route=\/wp\/v2\/posts"}],"about":[{"href":"https:\/\/blitzconquista.com.br\/index.php?rest_route=\/wp\/v2\/types\/post"}],"author":[{"embeddable":true,"href":"https:\/\/blitzconquista.com.br\/index.php?rest_route=\/wp\/v2\/users\/1"}],"replies":[{"embeddable":true,"href":"https:\/\/blitzconquista.com.br\/index.php?rest_route=%2Fwp%2Fv2%2Fcomments&post=31288"}],"version-history":[{"count":0,"href":"https:\/\/blitzconquista.com.br\/index.php?rest_route=\/wp\/v2\/posts\/31288\/revisions"}],"wp:featuredmedia":[{"embeddable":true,"href":"https:\/\/blitzconquista.com.br\/index.php?rest_route=\/"}],"wp:attachment":[{"href":"https:\/\/blitzconquista.com.br\/index.php?rest_route=%2Fwp%2Fv2%2Fmedia&parent=31288"}],"wp:term":[{"taxonomy":"category","embeddable":true,"href":"https:\/\/blitzconquista.com.br\/index.php?rest_route=%2Fwp%2Fv2%2Fcategories&post=31288"},{"taxonomy":"post_tag","embeddable":true,"href":"https:\/\/blitzconquista.com.br\/index.php?rest_route=%2Fwp%2Fv2%2Ftags&post=31288"}],"curies":[{"name":"wp","href":"https:\/\/api.w.org\/{rel}","templated":true}]}}