{"id":31299,"date":"2014-12-10T09:57:39","date_gmt":"2014-12-10T12:57:39","guid":{"rendered":"http:\/\/blitzconquista.com.br\/new\/?p=31299"},"modified":"2014-12-10T09:57:39","modified_gmt":"2014-12-10T12:57:39","slug":"prefeitura-realiza-reuniao-sobre-o-centro-de-comercio-popular","status":"publish","type":"post","link":"https:\/\/blitzconquista.com.br\/?p=31299","title":{"rendered":"Prefeitura realiza reuni\u00e3o sobre o Centro de Com\u00e9rcio Popular"},"content":{"rendered":"<div id=\"stcpDiv\">\n<p>Dando continuidade ao processo que define como ser\u00e1 a atua\u00e7\u00e3o dos permission\u00e1rios do Centro de Com\u00e9rcio Popular, comerciantes da Pra\u00e7a Arlindo Rodrigues, atualmente instalados na Pra\u00e7a Herc\u00edlio Lima, se reuniram na \u00faltima ter\u00e7a, 2, com representantes do Governo Municipal. Durante a reuni\u00e3o, o Governo reiterou quais os procedimentos que os permission\u00e1rios da antiga Feira do Paraguai dever\u00e3o seguir para passarem a atuar no novo equipamento.<\/p>\n<p>De acordo com o secret\u00e1rio municipal de Administra\u00e7\u00e3o, Gild\u00e1sio Silveira, uma comiss\u00e3o \u00e9 respons\u00e1vel por orientar e colaborar com os permission\u00e1rios. \u201cEstamos fazendo tudo com a maior transpar\u00eancia para que ningu\u00e9m saia prejudicado nesse processo, esse \u00e9 o objetivo do Governo Municipal. Estabelecidas as quest\u00f5es e o termo de permiss\u00e3o, os comerciantes estar\u00e3o aptos a utilizar o novo equipamento\u201d, explicou.<\/p>\n<p>Para a assinatura do termo de permiss\u00e3o, os comerciantes precisam estar em situa\u00e7\u00e3o regular na Receita Municipal, com documenta\u00e7\u00e3o atualizada e Cadastro Nacional de Pessoa Jur\u00eddica (CNPJ). \u201cPara formalizar o termo, \u00e9 preciso apresentar esta documenta\u00e7\u00e3o o mais r\u00e1pido poss\u00edvel para que possamos iniciar o sorteio dos boxes\u201d, diz a presidente da Comiss\u00e3o de Ordena\u00e7\u00e3o e Ocupa\u00e7\u00e3o do Solo, Marivone Batista.<\/p>\n<p>O sorteio para a distribui\u00e7\u00e3o dos boxes ser\u00e1 realizada com a presen\u00e7a dos permission\u00e1rios e de representantes da sociedade civil. O primeiro sorteio ser\u00e3o realizados nessa quarta-feira, 10. Para que o Centro de Com\u00e9rcio Popular comece a funcionar, o espa\u00e7o ser\u00e1 administrado, inicialmente, em parceria entre a Prefeitura e os comerciantes, at\u00e9 que uma empresa seja selecionada por meio de processo licitat\u00f3rio para gerenciar o condom\u00ednio do equipamento.<\/p>\n<p>Constru\u00eddo numa \u00e1rea com mais de 2 mil metros quadrados, o Centro de Com\u00e9rcio Popular conta com 302 boxes, al\u00e9m de \u00e1reas de circula\u00e7\u00e3o, sanit\u00e1rios, escadarias e rampas de acesso. Al\u00e9m de proporcionar melhores condi\u00e7\u00f5es de trabalho, mais conforto e mais seguran\u00e7a, tanto para os comerciantes quanto para os clientes, o Centro vai fomentar e formalizar o trabalho dos permission\u00e1rios.<\/p>\n<p><strong>Transpar\u00eancia e Di\u00e1logo<\/strong> \u2013 Ao longo de todo o processo, a Prefeitura, por meio da Secretaria Municipal de Servi\u00e7os P\u00fablicos, tem se reunido com os permission\u00e1rios para discutir, em conjunto, desde a log\u00edstica do trabalho de transfer\u00eancia do grupo para o local provis\u00f3rio at\u00e9 a atual etapa, de planejamento para o retorno dos vendedores \u00e0s novas instala\u00e7\u00f5es. Por isso, reuni\u00f5es peri\u00f3dicas v\u00eam sendo realizadas entre a Comiss\u00e3o Municipal de Ordena\u00e7\u00e3o e Ocupa\u00e7\u00e3o do Solo P\u00fablico e o Sindicato dos Sacoleiros, Ambulantes e Camel\u00f4s de Vit\u00f3ria da Conquista (Sindsac). <em>*Secom<\/em><\/p>\n<\/div>\n","protected":false},"excerpt":{"rendered":"<p>Dando continuidade ao processo que define como ser\u00e1 a atua\u00e7\u00e3o dos permission\u00e1rios do Centro de Com\u00e9rcio Popular, comerciantes da Pra\u00e7a Arlindo Rodrigues, atualmente instalados na Pra\u00e7a Herc\u00edlio Lima, se reuniram na \u00faltima ter\u00e7a, 2, com representantes do Governo Municipal. Durante a reuni\u00e3o, o Governo reiterou quais os procedimentos que os permission\u00e1rios da antiga Feira do [&hellip;]<\/p>\n","protected":false},"author":1,"featured_media":31300,"comment_status":"open","ping_status":"closed","sticky":false,"template":"","format":"standard","meta":[],"categories":[4],"tags":[],"_links":{"self":[{"href":"https:\/\/blitzconquista.com.br\/index.php?rest_route=\/wp\/v2\/posts\/31299"}],"collection":[{"href":"https:\/\/blitzconquista.com.br\/index.php?rest_route=\/wp\/v2\/posts"}],"about":[{"href":"https:\/\/blitzconquista.com.br\/index.php?rest_route=\/wp\/v2\/types\/post"}],"author":[{"embeddable":true,"href":"https:\/\/blitzconquista.com.br\/index.php?rest_route=\/wp\/v2\/users\/1"}],"replies":[{"embeddable":true,"href":"https:\/\/blitzconquista.com.br\/index.php?rest_route=%2Fwp%2Fv2%2Fcomments&post=31299"}],"version-history":[{"count":0,"href":"https:\/\/blitzconquista.com.br\/index.php?rest_route=\/wp\/v2\/posts\/31299\/revisions"}],"wp:featuredmedia":[{"embeddable":true,"href":"https:\/\/blitzconquista.com.br\/index.php?rest_route=\/"}],"wp:attachment":[{"href":"https:\/\/blitzconquista.com.br\/index.php?rest_route=%2Fwp%2Fv2%2Fmedia&parent=31299"}],"wp:term":[{"taxonomy":"category","embeddable":true,"href":"https:\/\/blitzconquista.com.br\/index.php?rest_route=%2Fwp%2Fv2%2Fcategories&post=31299"},{"taxonomy":"post_tag","embeddable":true,"href":"https:\/\/blitzconquista.com.br\/index.php?rest_route=%2Fwp%2Fv2%2Ftags&post=31299"}],"curies":[{"name":"wp","href":"https:\/\/api.w.org\/{rel}","templated":true}]}}