{"id":31356,"date":"2014-12-11T10:36:35","date_gmt":"2014-12-11T13:36:35","guid":{"rendered":"http:\/\/blitzconquista.com.br\/new\/?p=31356"},"modified":"2014-12-11T10:36:35","modified_gmt":"2014-12-11T13:36:35","slug":"final-do-por-isso-e-que-eu-canto-movimenta-a-praca-9-de-novembro-nesta-quinta-e-sexta-11-e-12","status":"publish","type":"post","link":"https:\/\/blitzconquista.com.br\/?p=31356","title":{"rendered":"Final do Por isso \u00e9 que eu canto movimenta a Pra\u00e7a 9 de Novembro nesta quinta e sexta, 11 e 12"},"content":{"rendered":"<div id=\"stcpDiv\">\n<p>A d\u00e9cima edi\u00e7\u00e3o do concurso \u201cPor isso \u00e9 que eu canto\u201d, promovido pela Prefeitura de Vit\u00f3ria da Conquista, por meio da Secretaria Municipal de Cultura, Turismo, Esporte e Lazer, est\u00e1 chegando a sua etapa final. Na audi\u00e7\u00e3o desta quinta-feira, 11, que acontece na Pra\u00e7a 9 de Novembro, a partir das 18h, os candidatos finalistas participar\u00e3o do primeiro dia da final interpretando m\u00fasicas nacionais.<\/p>\n<p>Na ocasi\u00e3o, haver\u00e1 tamb\u00e9m shows de artistas que j\u00e1 participaram de edi\u00e7\u00f5es anteriores do concurso,\u00a0Geci Brito e \u00cdtalo Silva (vencedor do concurso em 2010). No segundo dia de final, que acontece nessa sexta-feira, 12, os finalistas apresentar\u00e3o m\u00fasicas regionais.<\/p>\n<p>Confira a ordem de apresenta\u00e7\u00e3o desta quinta-feira, 11:<\/p>\n<p><strong>1. J\u00e9ssica Oliver<\/strong><\/p>\n<p><strong>2. Jennifer de Sousa<\/strong><\/p>\n<p><strong>3. Naede Moura<\/strong><\/p>\n<p><strong>4. Marlua<\/strong><\/p>\n<p><strong>5. Pablo Lima<\/strong><\/p>\n<p><strong>6. Nanda Conegundes<\/strong><\/p>\n<p><strong>7. Geise Cypriano<\/strong><\/p>\n<p><strong>8. Filipe Sampaio<\/strong><\/p>\n<p><strong>9. Andr\u00e9ia Farias<\/strong><\/p>\n<p><strong>10. Dinha Andrade<\/strong><\/p>\n<p><strong>11. Lys Alexandrina<\/strong><\/p>\n<p><strong>12. Elaine Maria<\/strong><\/p>\n<p><strong>13. Eduardo Oliveira<\/strong><\/p>\n<p><strong>14. Patr\u00edcia Fernandes<\/strong><\/p>\n<p><strong>15. Adson Ramalho<\/strong><\/p>\n<p><strong>16. \u00c2ngela Cavalcante<\/strong><\/p>\n<div>A ordem da apresenta\u00e7\u00e3o de sexta-feira, 12, ser\u00e1 sorteada na noite desta quinta-feira, 11. *Secom<\/div>\n<\/div>\n","protected":false},"excerpt":{"rendered":"<p>A d\u00e9cima edi\u00e7\u00e3o do concurso \u201cPor isso \u00e9 que eu canto\u201d, promovido pela Prefeitura de Vit\u00f3ria da Conquista, por meio da Secretaria Municipal de Cultura, Turismo, Esporte e Lazer, est\u00e1 chegando a sua etapa final. Na audi\u00e7\u00e3o desta quinta-feira, 11, que acontece na Pra\u00e7a 9 de Novembro, a partir das 18h, os candidatos finalistas participar\u00e3o [&hellip;]<\/p>\n","protected":false},"author":1,"featured_media":31273,"comment_status":"open","ping_status":"closed","sticky":false,"template":"","format":"standard","meta":[],"categories":[4],"tags":[],"_links":{"self":[{"href":"https:\/\/blitzconquista.com.br\/index.php?rest_route=\/wp\/v2\/posts\/31356"}],"collection":[{"href":"https:\/\/blitzconquista.com.br\/index.php?rest_route=\/wp\/v2\/posts"}],"about":[{"href":"https:\/\/blitzconquista.com.br\/index.php?rest_route=\/wp\/v2\/types\/post"}],"author":[{"embeddable":true,"href":"https:\/\/blitzconquista.com.br\/index.php?rest_route=\/wp\/v2\/users\/1"}],"replies":[{"embeddable":true,"href":"https:\/\/blitzconquista.com.br\/index.php?rest_route=%2Fwp%2Fv2%2Fcomments&post=31356"}],"version-history":[{"count":0,"href":"https:\/\/blitzconquista.com.br\/index.php?rest_route=\/wp\/v2\/posts\/31356\/revisions"}],"wp:featuredmedia":[{"embeddable":true,"href":"https:\/\/blitzconquista.com.br\/index.php?rest_route=\/"}],"wp:attachment":[{"href":"https:\/\/blitzconquista.com.br\/index.php?rest_route=%2Fwp%2Fv2%2Fmedia&parent=31356"}],"wp:term":[{"taxonomy":"category","embeddable":true,"href":"https:\/\/blitzconquista.com.br\/index.php?rest_route=%2Fwp%2Fv2%2Fcategories&post=31356"},{"taxonomy":"post_tag","embeddable":true,"href":"https:\/\/blitzconquista.com.br\/index.php?rest_route=%2Fwp%2Fv2%2Ftags&post=31356"}],"curies":[{"name":"wp","href":"https:\/\/api.w.org\/{rel}","templated":true}]}}