{"id":31450,"date":"2014-12-13T09:24:49","date_gmt":"2014-12-13T12:24:49","guid":{"rendered":"http:\/\/blitzconquista.com.br\/new\/?p=31450"},"modified":"2014-12-13T09:24:49","modified_gmt":"2014-12-13T12:24:49","slug":"policia-militar-lanca-operacao-natal-seguro-em-parceira-com-a-cdl","status":"publish","type":"post","link":"https:\/\/blitzconquista.com.br\/?p=31450","title":{"rendered":"Pol\u00edcia Militar lan\u00e7a \u2018Opera\u00e7\u00e3o Natal Seguro\u2019 em parceira com a CDL"},"content":{"rendered":"<p>Na manh\u00e3 desta sexta-feira, 12, na Pra\u00e7a Nove de Novembro, em Vit\u00f3ria da Conquista, a C\u00e2mara de Dirigentes Lojistas (CDL) e as\u00a0Companhias Independentes de Pol\u00edcia Militar 77\u00aa e 78\u00aa\u00a0lan\u00e7aram a <strong>Opera\u00e7\u00e3o Natal Seguro<\/strong>, com o intuito de intensificar a\u00a0seguran\u00e7a p\u00fablica no com\u00e9rcio durante as festas de fim de ano.<\/p>\n<p>O evento contou com a presen\u00e7a do \u00a0Comandante de Policiamento Regional Sul, Cel PM Ant\u00f4nio Jos\u00e9 Barbosa, dos comandantes da 77\u00aa e 78\u00aa CIPM, respectivamente Major Souza Lima e Major Selmo, do presidente da CDL, Marcos Alberto, a presidente eleita da CDL, Cl\u00e1udia Dutra, al\u00e9m de representantes da Prefeitura Municipal e C\u00e2mara de Vereadores.<\/p>\n<p><strong><img decoding=\"async\" loading=\"lazy\" class=\"alignright size-medium wp-image-23998\" src=\"http:\/\/www.cdlvca.com\/v1\/wp-content\/uploads\/2014\/12\/operacao-natal-seguro-300x180.jpg\" alt=\"operacao-natal-seguro\" width=\"300\" height=\"180\" \/><\/strong>Visando a\u00a0seguran\u00e7a de consumidores, lojistas e trabalhadores do com\u00e9rcio, a CDL e pol\u00edcia firmaram uma parceria para melhorar as a\u00e7\u00f5es de seguran\u00e7a p\u00fablica para este fim de ano.<\/p>\n<p>De acordo com Major Souza Lima, o policiamento est\u00e1 sendo\u00a0refor\u00e7ado durante todo o m\u00eas de dezembro, quando o com\u00e9rcio funciona em hor\u00e1rio especial. \u201c<strong>Estamos atendendo\u00a0o com\u00e9rcio com uma viatura, policiamento ostensivo a p\u00e9 e com motocicletas<\/strong>\u201d, afirma o Major.<\/p>\n<p>A novidade fica por conta da ativa\u00e7\u00e3o das c\u00e2meras de videomonitoramento. Em parceria entre PM, Tecnoguard e CDL, as c\u00e2meras do videomonitoramento j\u00e1 est\u00e3o sendo instaladas e reativadas, e at\u00e9 o dia 12 de dezembro j\u00e1 estar\u00e3o em funcionamento no Centro e\u00a0no lado Oeste da cidade.<\/p>\n<p><em>Por Ascom CDL<\/em><\/p>\n","protected":false},"excerpt":{"rendered":"<p>Na manh\u00e3 desta sexta-feira, 12, na Pra\u00e7a Nove de Novembro, em Vit\u00f3ria da Conquista, a C\u00e2mara de Dirigentes Lojistas (CDL) e as\u00a0Companhias Independentes de Pol\u00edcia Militar 77\u00aa e 78\u00aa\u00a0lan\u00e7aram a Opera\u00e7\u00e3o Natal Seguro, com o intuito de intensificar a\u00a0seguran\u00e7a p\u00fablica no com\u00e9rcio durante as festas de fim de ano. O evento contou com a presen\u00e7a [&hellip;]<\/p>\n","protected":false},"author":1,"featured_media":31451,"comment_status":"open","ping_status":"closed","sticky":false,"template":"","format":"standard","meta":[],"categories":[212,3],"tags":[],"_links":{"self":[{"href":"https:\/\/blitzconquista.com.br\/index.php?rest_route=\/wp\/v2\/posts\/31450"}],"collection":[{"href":"https:\/\/blitzconquista.com.br\/index.php?rest_route=\/wp\/v2\/posts"}],"about":[{"href":"https:\/\/blitzconquista.com.br\/index.php?rest_route=\/wp\/v2\/types\/post"}],"author":[{"embeddable":true,"href":"https:\/\/blitzconquista.com.br\/index.php?rest_route=\/wp\/v2\/users\/1"}],"replies":[{"embeddable":true,"href":"https:\/\/blitzconquista.com.br\/index.php?rest_route=%2Fwp%2Fv2%2Fcomments&post=31450"}],"version-history":[{"count":0,"href":"https:\/\/blitzconquista.com.br\/index.php?rest_route=\/wp\/v2\/posts\/31450\/revisions"}],"wp:featuredmedia":[{"embeddable":true,"href":"https:\/\/blitzconquista.com.br\/index.php?rest_route=\/"}],"wp:attachment":[{"href":"https:\/\/blitzconquista.com.br\/index.php?rest_route=%2Fwp%2Fv2%2Fmedia&parent=31450"}],"wp:term":[{"taxonomy":"category","embeddable":true,"href":"https:\/\/blitzconquista.com.br\/index.php?rest_route=%2Fwp%2Fv2%2Fcategories&post=31450"},{"taxonomy":"post_tag","embeddable":true,"href":"https:\/\/blitzconquista.com.br\/index.php?rest_route=%2Fwp%2Fv2%2Ftags&post=31450"}],"curies":[{"name":"wp","href":"https:\/\/api.w.org\/{rel}","templated":true}]}}