{"id":31487,"date":"2014-12-14T21:58:37","date_gmt":"2014-12-15T00:58:37","guid":{"rendered":"http:\/\/blitzconquista.com.br\/new\/?p=31487"},"modified":"2014-12-14T21:58:37","modified_gmt":"2014-12-15T00:58:37","slug":"carreta-tomba-e-bloqueia-br-116-sul-em-vitoria-da-conquista","status":"publish","type":"post","link":"https:\/\/blitzconquista.com.br\/?p=31487","title":{"rendered":"Carreta tomba e bloqueia BR 116 \u2013 Sul em Vit\u00f3ria da Conquista"},"content":{"rendered":"<p>Uma carreta carregada de madeira tombou na BR 116 Sul de Vit\u00f3ria da Conquista. O acidente ocorreu por volta das 13h deste domingo, 14, e bloqueou o tr\u00e1fego nos dois sentidos da rodovia.<\/p>\n<p><a href=\"http:\/\/blitzconquista.com.br\/new\/wp-content\/uploads\/2014\/12\/DSC_9565.jpg\"><img decoding=\"async\" loading=\"lazy\" class=\"size-full wp-image-31493 aligncenter\" src=\"http:\/\/blitzconquista.com.br\/new\/wp-content\/uploads\/2014\/12\/DSC_9565.jpg\" alt=\"DSC_9565\" width=\"590\" height=\"420\" \/><\/a><\/p>\n<p>A carreta seguia de Prata\/MG com destino ao estado do Cear\u00e1 quando ao sair da al\u00e7a leste do Anel Rodovi\u00e1rio, a carga tombou junto com a carroceria.<\/p>\n<p><a href=\"http:\/\/blitzconquista.com.br\/new\/wp-content\/uploads\/2014\/12\/DSC_9559.jpg\"><img decoding=\"async\" loading=\"lazy\" class=\"size-full wp-image-31491 aligncenter\" src=\"http:\/\/blitzconquista.com.br\/new\/wp-content\/uploads\/2014\/12\/DSC_9559.jpg\" alt=\"DSC_9559\" width=\"590\" height=\"420\" \/><\/a><\/p>\n<p>Apesar da carga cais sobre a pista oposta, nenhum ve\u00edculo foi atingido. Ningu\u00e9m ficou ferido.<\/p>\n<p><a href=\"http:\/\/blitzconquista.com.br\/new\/wp-content\/uploads\/2014\/12\/DSC_9564.jpg\"><img decoding=\"async\" loading=\"lazy\" class=\"size-full wp-image-31492 aligncenter\" src=\"http:\/\/blitzconquista.com.br\/new\/wp-content\/uploads\/2014\/12\/DSC_9564.jpg\" alt=\"DSC_9564\" width=\"590\" height=\"420\" \/><\/a>Al\u00e9m da carga, o combust\u00edvel da carreta ficou espalhado pela rodovia. O tr\u00e1fego foi normalizado no in\u00edcio da noite, ap\u00f3s os prepostos da Via Bahia retirarem o ve\u00edculo e a carga do meio da pista e removerem o \u00f3leo da pista.<\/p>\n<p><a href=\"http:\/\/blitzconquista.com.br\/new\/wp-content\/uploads\/2014\/12\/DSC_9585.jpg\"><img decoding=\"async\" loading=\"lazy\" class=\"size-full wp-image-31490 aligncenter\" src=\"http:\/\/blitzconquista.com.br\/new\/wp-content\/uploads\/2014\/12\/DSC_9585.jpg\" alt=\"DSC_9585\" width=\"590\" height=\"420\" \/><\/a><\/p>\n","protected":false},"excerpt":{"rendered":"<p>Uma carreta carregada de madeira tombou na BR 116 Sul de Vit\u00f3ria da Conquista. O acidente ocorreu por volta das 13h deste domingo, 14, e bloqueou o tr\u00e1fego nos dois sentidos da rodovia. A carreta seguia de Prata\/MG com destino ao estado do Cear\u00e1 quando ao sair da al\u00e7a leste do Anel Rodovi\u00e1rio, a carga [&hellip;]<\/p>\n","protected":false},"author":1,"featured_media":31489,"comment_status":"open","ping_status":"closed","sticky":false,"template":"","format":"standard","meta":[],"categories":[7],"tags":[],"_links":{"self":[{"href":"https:\/\/blitzconquista.com.br\/index.php?rest_route=\/wp\/v2\/posts\/31487"}],"collection":[{"href":"https:\/\/blitzconquista.com.br\/index.php?rest_route=\/wp\/v2\/posts"}],"about":[{"href":"https:\/\/blitzconquista.com.br\/index.php?rest_route=\/wp\/v2\/types\/post"}],"author":[{"embeddable":true,"href":"https:\/\/blitzconquista.com.br\/index.php?rest_route=\/wp\/v2\/users\/1"}],"replies":[{"embeddable":true,"href":"https:\/\/blitzconquista.com.br\/index.php?rest_route=%2Fwp%2Fv2%2Fcomments&post=31487"}],"version-history":[{"count":0,"href":"https:\/\/blitzconquista.com.br\/index.php?rest_route=\/wp\/v2\/posts\/31487\/revisions"}],"wp:featuredmedia":[{"embeddable":true,"href":"https:\/\/blitzconquista.com.br\/index.php?rest_route=\/"}],"wp:attachment":[{"href":"https:\/\/blitzconquista.com.br\/index.php?rest_route=%2Fwp%2Fv2%2Fmedia&parent=31487"}],"wp:term":[{"taxonomy":"category","embeddable":true,"href":"https:\/\/blitzconquista.com.br\/index.php?rest_route=%2Fwp%2Fv2%2Fcategories&post=31487"},{"taxonomy":"post_tag","embeddable":true,"href":"https:\/\/blitzconquista.com.br\/index.php?rest_route=%2Fwp%2Fv2%2Ftags&post=31487"}],"curies":[{"name":"wp","href":"https:\/\/api.w.org\/{rel}","templated":true}]}}