{"id":31547,"date":"2014-12-15T21:27:00","date_gmt":"2014-12-16T00:27:00","guid":{"rendered":"http:\/\/blitzconquista.com.br\/new\/?p=31547"},"modified":"2014-12-15T21:27:00","modified_gmt":"2014-12-16T00:27:00","slug":"em-conquista-grande-final-do-campeonato-baiano-de-kart-venha-conhecer-os-campeoes-2014","status":"publish","type":"post","link":"https:\/\/blitzconquista.com.br\/?p=31547","title":{"rendered":"Em Conquista: Grande Final do Campeonato Baiano de Kart. Venha conhecer os campe\u00f5es 2014"},"content":{"rendered":"<p>Chega ao final o grande campeonato baiano de kart de 2014 e no pr\u00f3ximo dia 20 de dezembro o Kart\u00f3dromo de Vit\u00f3ria da Conquista receber\u00e1 pilotos de tr\u00eas categorias e de diversas regi\u00f5es para em momentos de emo\u00e7\u00f5es disputar t\u00edtulos.<\/p>\n<p>Nesse fim de semana os pilotos estiveram presentes fazendo treinos livres e ajustes em seus karts e aprovaram o novo tra\u00e7ado da pista.<\/p>\n<p>&nbsp;<\/p>\n<p><img decoding=\"async\" loading=\"lazy\" class=\"aligncenter size-thumbnail wp-image-17830\" src=\"http:\/\/www.euvejofloresemvoce.com.br\/wp-content\/uploads\/2014\/12\/DSC_1408-570x377.jpg\" alt=\"DSC_1408\" width=\"570\" height=\"377\" \/><\/p>\n<p>O primeiro lugar da categoria Honda j\u00e1 est\u00e1 definido de forma antecipada, e o t\u00edtulo ficou para o jovem Felipe Gusm\u00e3o, filho do j\u00e1 conhecido campe\u00e3o de kart George Gusm\u00e3o que tamb\u00e9m leva o t\u00edtulo da categoria RD. A briga ficar\u00e1 na disputa pelo segundo e terceiro lugar e pelo primeiro lugar da categoria Rotax, onde ainda n\u00e3o tem um campe\u00e3o definido.<\/p>\n<p><img decoding=\"async\" loading=\"lazy\" class=\"aligncenter size-thumbnail wp-image-17835\" src=\"http:\/\/www.euvejofloresemvoce.com.br\/wp-content\/uploads\/2014\/12\/DSC_1867-570x377.jpg\" alt=\"DSC_1867\" width=\"570\" height=\"377\" \/><\/p>\n<p>&nbsp;<\/p>\n<p><strong>Acompanhe as tabelas de classifica\u00e7\u00e3o at\u00e9 agora:<\/strong><\/p>\n<p><img decoding=\"async\" loading=\"lazy\" class=\"aligncenter size-thumbnail wp-image-17824\" src=\"http:\/\/www.euvejofloresemvoce.com.br\/wp-content\/uploads\/2014\/12\/1509699_795348407188174_1670667877296110806_n-570x364.jpg\" alt=\"1509699_795348407188174_1670667877296110806_n\" width=\"570\" height=\"364\" \/><\/p>\n<p><img decoding=\"async\" loading=\"lazy\" class=\"aligncenter size-thumbnail wp-image-17825\" src=\"http:\/\/www.euvejofloresemvoce.com.br\/wp-content\/uploads\/2014\/12\/1964932_795348483854833_7759318171788026121_n-570x266.jpg\" alt=\"1964932_795348483854833_7759318171788026121_n\" width=\"570\" height=\"266\" \/><\/p>\n<p><img decoding=\"async\" loading=\"lazy\" class=\"size-thumbnail wp-image-17826 aligncenter\" src=\"http:\/\/www.euvejofloresemvoce.com.br\/wp-content\/uploads\/2014\/12\/10436316_795348473854834_6959557411119301754_n-570x404.jpg\" alt=\"10436316_795348473854834_6959557411119301754_n\" width=\"570\" height=\"404\" \/><\/p>\n<p>Conversamos com o presidente da ACK (Associa\u00e7\u00e3o Conquistense de kart), Hudson Castro, tamb\u00e9m piloto, que nos conta um pouco mais sobre o campeonato e sobre projetos da Associa\u00e7\u00e3o:<\/p>\n<p><strong>Flores: Como foi o o ano de 2014 para o Kart de Vit\u00f3ria da Conquista, e o que voc\u00ea espera para essa grande final que acontecer\u00e1 no pr\u00f3ximo dia 20 de dezembro?<\/strong><\/p>\n<p><strong><img decoding=\"async\" loading=\"lazy\" class=\"alignleft  wp-image-17836\" src=\"http:\/\/www.euvejofloresemvoce.com.br\/wp-content\/uploads\/2014\/12\/3-841-570x836.jpg\" alt=\"3 (841)\" width=\"180\" height=\"264\" \/>Hudson:<\/strong>Finalmente vamos realizar a mais uma final de um campeonato baiano de kart. Foi um ano muito dif\u00edcil, mas de evolu\u00e7\u00e3o com o acr\u00e9scimo de mais uma categoria que \u00e9 a Rotax. Uma categoria de reconhecimento mundial. Tamb\u00e9m um crescimento significativo da categoria Honda que \u00e9 uma categoria recorde no grid com 22 carros e o RD que sempre est\u00e1 evoluindo aqui na cidade. Para essa \u00faltima etapa, \u00a0esperamos recorde de pilotos nas pistas com mais de 25 carros da categoria Honda, aproximadamente 20 no RD e com a participa\u00e7\u00e3o de novos pilotos na categoria Rotax. No pr\u00f3ximo final de semana conheceremos os campe\u00f5es baianos de 2014. J\u00e1 temos definidos os primeiros lugares da categoria Honda, que \u00e9 o Felipe Gusm\u00e3o e no RD o \u00a0seu pai, George Gusm\u00e3o, mas segue a disputa pelos segundo e terceiro lugares al\u00e9m do campe\u00e3o , segundo e terceiro lugares da categoria Rotax.<\/p>\n<p><strong>Flores: Quais s\u00e3o os projetos para o pr\u00f3ximo ano?<\/strong><\/p>\n<p><strong>Hudson:\u00a0<\/strong>Tivemos uma participa\u00e7\u00e3o efetiva dos nossos patrocinadores como o Faz Atleta, Petrobahia e Governo do Estado e apoio da Prefeitura Municipal, Ambul\u00e2ncias Valverde. Para o pr\u00f3ximo ano contamos com a const\u00e2ncia desses apoios e com a associa\u00e7\u00e3o de \u00a0mais pilotos. O Kart\u00f3dromo receber\u00e1 ilumina\u00e7\u00e3o ainda este m\u00eas e, ser\u00e1 constru\u00eddo o kart Indoor onde a inten\u00e7\u00e3o \u00e9 atender crian\u00e7as e mulheres para que tamb\u00e9m tenham acessos e possam pilotar karts.Temos tamb\u00e9m o projeto social para atender a comunidade local como futebol, v\u00f4lei, jud\u00f4, capoeira e a escolinha de kart que \u00e9 algo in\u00e9dito no Brasil. Esperamos contar com o apoio dos nossos parceiros, amigos e toda \u00a0popula\u00e7\u00e3o para que possamos continuar \u00a0a fazer \u00a0um bom trabalho e quem sabe um dia ter um piloto nosso em uma grande categoria como a F\u00f3rmula 1.<\/p>\n<p><strong>Flores: O que \u00e9 preciso para ser um piloto de kart em Conquista?<\/strong><\/p>\n<p><strong>Hudson:<\/strong>Hoje para correr de kart em Conquista a pessoa precisa primeiramente se associar, para usufruir de toda a estrutura da ACK. Existem karts mais em conta com menos custos como o kart Honda, a categoria RD, que \u00e9 uma categoria adaptada. A pessoa precisa aprender a pilotar, seguir o regulamento interno e viver grandes emo\u00e7\u00f5es.<\/p>\n<p>Lembrando que a corrida acontecer\u00e1 apenas no s\u00e1bado. A largada ser\u00e1 dada a partir das 13h porem, a partir das 9h da manh\u00e3 j\u00e1 acontecer\u00e3o treinos livres com muitos carros nas pistas.<\/p>\n<p><strong>Entrada gratuita e sorteio de brindes!<\/strong><\/p>\n<p><img decoding=\"async\" loading=\"lazy\" class=\" wp-image-17837 aligncenter\" src=\"http:\/\/www.euvejofloresemvoce.com.br\/wp-content\/uploads\/2014\/12\/foto-570x806.jpg\" alt=\"foto\" width=\"354\" height=\"501\" \/><\/p>\n<p>Com patroc\u00ednio da Petrobahia, Faz atleta, Governo do Estado, apoio da Prefeitura Municipal de Vit\u00f3ria da Conquista e Valverde Medicina e Sa\u00fade. Coordena\u00e7\u00e3o FAB e supervis\u00e3o CBA.<\/p>\n<p>Por Luciana Flores<br \/>\nFotos: Luciana Flores<\/p>\n","protected":false},"excerpt":{"rendered":"<p>Chega ao final o grande campeonato baiano de kart de 2014 e no pr\u00f3ximo dia 20 de dezembro o Kart\u00f3dromo de Vit\u00f3ria da Conquista receber\u00e1 pilotos de tr\u00eas categorias e de diversas regi\u00f5es para em momentos de emo\u00e7\u00f5es disputar t\u00edtulos. Nesse fim de semana os pilotos estiveram presentes fazendo treinos livres e ajustes em seus [&hellip;]<\/p>\n","protected":false},"author":1,"featured_media":31548,"comment_status":"open","ping_status":"closed","sticky":false,"template":"","format":"standard","meta":[],"categories":[212],"tags":[],"_links":{"self":[{"href":"https:\/\/blitzconquista.com.br\/index.php?rest_route=\/wp\/v2\/posts\/31547"}],"collection":[{"href":"https:\/\/blitzconquista.com.br\/index.php?rest_route=\/wp\/v2\/posts"}],"about":[{"href":"https:\/\/blitzconquista.com.br\/index.php?rest_route=\/wp\/v2\/types\/post"}],"author":[{"embeddable":true,"href":"https:\/\/blitzconquista.com.br\/index.php?rest_route=\/wp\/v2\/users\/1"}],"replies":[{"embeddable":true,"href":"https:\/\/blitzconquista.com.br\/index.php?rest_route=%2Fwp%2Fv2%2Fcomments&post=31547"}],"version-history":[{"count":0,"href":"https:\/\/blitzconquista.com.br\/index.php?rest_route=\/wp\/v2\/posts\/31547\/revisions"}],"wp:featuredmedia":[{"embeddable":true,"href":"https:\/\/blitzconquista.com.br\/index.php?rest_route=\/"}],"wp:attachment":[{"href":"https:\/\/blitzconquista.com.br\/index.php?rest_route=%2Fwp%2Fv2%2Fmedia&parent=31547"}],"wp:term":[{"taxonomy":"category","embeddable":true,"href":"https:\/\/blitzconquista.com.br\/index.php?rest_route=%2Fwp%2Fv2%2Fcategories&post=31547"},{"taxonomy":"post_tag","embeddable":true,"href":"https:\/\/blitzconquista.com.br\/index.php?rest_route=%2Fwp%2Fv2%2Ftags&post=31547"}],"curies":[{"name":"wp","href":"https:\/\/api.w.org\/{rel}","templated":true}]}}