{"id":31596,"date":"2014-12-17T21:16:33","date_gmt":"2014-12-18T00:16:33","guid":{"rendered":"http:\/\/blitzconquista.com.br\/new\/?p=31596"},"modified":"2014-12-17T21:16:33","modified_gmt":"2014-12-18T00:16:33","slug":"justica-aumenta-intervalo-entre-partidas-de-futebol-para-mesmo-clube","status":"publish","type":"post","link":"https:\/\/blitzconquista.com.br\/?p=31596","title":{"rendered":"Justi\u00e7a aumenta intervalo entre partidas de futebol para mesmo clube"},"content":{"rendered":"<p>A Confedera\u00e7\u00e3o Brasileira de Futebol (CBF) vai ter que se movimentar logo e recorrer \u00e0 Justi\u00e7a para reverter decis\u00e3o da ju\u00edza Milena Casacio Ferreira Beraldo, da 8\u00aa Vara do Trabalho de Campinas (SP), que, em a\u00e7\u00e3o foi movida pela Federa\u00e7\u00e3o Nacional dos Atletas Profissionais de Futebol (Fenapaf) determinou intervalo m\u00ednimo de 72 horas entre as partidas disputadas por um mesmo clube, e j\u00e1 vale para o calend\u00e1rio de jogos do pr\u00f3ximo ano.<\/p>\n<p>A decis\u00e3o foi tomada na \u00faltima quinta-feira (11) e publicada j\u00e1 no dia seguinte (12), mas s\u00f3 hoje (15) foi divulgada, eat\u00e9 agora a CBF n\u00e3o se manifestou a respeito. Procurada pela reportagem da <strong>Ag\u00eancia Brasil, <\/strong>a CBF tamb\u00e9m n\u00e3o deu retorno.<\/p>\n<p>A senten\u00e7a da ju\u00edza Milena Beraldo determina que o intervalo entre os jogos deve ser adotado \u201cna organiza\u00e7\u00e3o do calend\u00e1rio de jogos oficiais de futebol dos campeonatos nacionais e internacionais de sua responsabilidade [CBF] em todo o territ\u00f3rio nacional\u201d. O prazo foi sugerido em parecer do procurador do Trabalho Eduardo Luis Amgarten, que se baseou em laudos m\u00e9dicos, solicitados pela pr\u00f3pria Justi\u00e7a para embasar a a\u00e7\u00e3o, e os laudos sugerem prazo de 72 horas como ideal para a recupera\u00e7\u00e3o dos atletas.<\/p>\n<p>O parecer resssalva ainda que quest\u00f5es ligadas ao meio ambiente do trabalho s\u00e3o de compet\u00eancia da Justi\u00e7a Trabalhista. Segundo a assessoria do Minist\u00e9rio P\u00fablico do Trabalho (MPT), a defesa da CBF teria alegado esta compet\u00eancia. Em nota, o MPT explica que Amgarten ressaltou que em outros casos entidades ligadas ao futebol j\u00e1 foram consideradas respons\u00e1veis por quest\u00f5es que envolvam a sa\u00fade dos jogadores. Um deles foi o ocorrido durante a Copa do Mundo, este ano, quando a Federa\u00e7\u00e3o Internacional de Futebol (Fifa) teve que, por exemplo, conceder intervalos maiores durante os jogos, devido ao calor em certas localidades que sediaram partidas da Copa.<\/p>\n<p>Na senten\u00e7a, a ju\u00edza determina tamb\u00e9m multa de R$ 25 mil por dia, caso a decis\u00e3o n\u00e3o seja cumprida. Ainda cabe recurso da decis\u00e3o ao Tribunal Regional do Trabalho (TRT), da 15\u00aa Regi\u00e3o, em Campinas.<\/p>\n<p><a href=\"http:\/\/blitzconquista.com.br\/new\/wp-content\/uploads\/2014\/11\/agencia_brasil_logo.png\"><img decoding=\"async\" loading=\"lazy\" class=\"alignnone size-full wp-image-30914\" src=\"http:\/\/blitzconquista.com.br\/new\/wp-content\/uploads\/2014\/11\/agencia_brasil_logo.png\" alt=\"agencia_brasil_logo\" width=\"110\" height=\"23\" \/><\/a><\/p>\n","protected":false},"excerpt":{"rendered":"<p>A Confedera\u00e7\u00e3o Brasileira de Futebol (CBF) vai ter que se movimentar logo e recorrer \u00e0 Justi\u00e7a para reverter decis\u00e3o da ju\u00edza Milena Casacio Ferreira Beraldo, da 8\u00aa Vara do Trabalho de Campinas (SP), que, em a\u00e7\u00e3o foi movida pela Federa\u00e7\u00e3o Nacional dos Atletas Profissionais de Futebol (Fenapaf) determinou intervalo m\u00ednimo de 72 horas entre as [&hellip;]<\/p>\n","protected":false},"author":1,"featured_media":31597,"comment_status":"open","ping_status":"closed","sticky":false,"template":"","format":"standard","meta":[],"categories":[1],"tags":[],"_links":{"self":[{"href":"https:\/\/blitzconquista.com.br\/index.php?rest_route=\/wp\/v2\/posts\/31596"}],"collection":[{"href":"https:\/\/blitzconquista.com.br\/index.php?rest_route=\/wp\/v2\/posts"}],"about":[{"href":"https:\/\/blitzconquista.com.br\/index.php?rest_route=\/wp\/v2\/types\/post"}],"author":[{"embeddable":true,"href":"https:\/\/blitzconquista.com.br\/index.php?rest_route=\/wp\/v2\/users\/1"}],"replies":[{"embeddable":true,"href":"https:\/\/blitzconquista.com.br\/index.php?rest_route=%2Fwp%2Fv2%2Fcomments&post=31596"}],"version-history":[{"count":0,"href":"https:\/\/blitzconquista.com.br\/index.php?rest_route=\/wp\/v2\/posts\/31596\/revisions"}],"wp:featuredmedia":[{"embeddable":true,"href":"https:\/\/blitzconquista.com.br\/index.php?rest_route=\/"}],"wp:attachment":[{"href":"https:\/\/blitzconquista.com.br\/index.php?rest_route=%2Fwp%2Fv2%2Fmedia&parent=31596"}],"wp:term":[{"taxonomy":"category","embeddable":true,"href":"https:\/\/blitzconquista.com.br\/index.php?rest_route=%2Fwp%2Fv2%2Fcategories&post=31596"},{"taxonomy":"post_tag","embeddable":true,"href":"https:\/\/blitzconquista.com.br\/index.php?rest_route=%2Fwp%2Fv2%2Ftags&post=31596"}],"curies":[{"name":"wp","href":"https:\/\/api.w.org\/{rel}","templated":true}]}}