{"id":31681,"date":"2014-12-20T00:29:54","date_gmt":"2014-12-20T03:29:54","guid":{"rendered":"http:\/\/blitzconquista.com.br\/new\/?p=31681"},"modified":"2014-12-20T00:29:54","modified_gmt":"2014-12-20T03:29:54","slug":"gilzete-moreira-eleito-presidente-da-camara","status":"publish","type":"post","link":"https:\/\/blitzconquista.com.br\/?p=31681","title":{"rendered":"Gilzete Moreira eleito presidente da C\u00e2mara"},"content":{"rendered":"<div id=\"stcpDiv\">A C\u00e2mara de Vereadores de Vit\u00f3ria da Conquista realizou na Sess\u00e3o Ordin\u00e1ria desta sexta-feira (19) a elei\u00e7\u00e3o da Mesa Diretora que vai conduzir os destinos da Casa no bi\u00eanio 2015-2016. Com a inscri\u00e7\u00e3o de apenas uma chapa, a nova Mesa ficou assim constitu\u00edda: <strong>Gilzete Moreira<\/strong>, do PSB (Presidente); <strong>Juv\u00eancio Amaral<\/strong>, do PV (Vice-Presidente); <strong>Edjaime Rosa Bibia<\/strong>, do PSDB (Segundo Vice-Presidente); <strong>Nelson de Vivi<\/strong>, do PCdoB (Primeiro-Secret\u00e1rio), e <strong>Herm\u00ednio Oliveira<\/strong>, do SDD (Segundo Secret\u00e1rio).<\/p>\n<p><img decoding=\"async\" loading=\"lazy\" class=\" aligncenter\" src=\"http:\/\/img.camaravc.com.br\/images\/DSC_8481.JPG\" alt=\"\" width=\"682\" height=\"452\" \/> &#8211; See more at: http:\/\/www.camaravc.ba.gov.br\/noticia\/5964\/gilzete-moreira-eleito-presidente-da-camara.html#sthash.pIg8Fpuf.dpuf<\/div>\n","protected":false},"excerpt":{"rendered":"<p>A C\u00e2mara de Vereadores de Vit\u00f3ria da Conquista realizou na Sess\u00e3o Ordin\u00e1ria desta sexta-feira (19) a elei\u00e7\u00e3o da Mesa Diretora que vai conduzir os destinos da Casa no bi\u00eanio 2015-2016. Com a inscri\u00e7\u00e3o de apenas uma chapa, a nova Mesa ficou assim constitu\u00edda: Gilzete Moreira, do PSB (Presidente); Juv\u00eancio Amaral, do PV (Vice-Presidente); Edjaime Rosa [&hellip;]<\/p>\n","protected":false},"author":1,"featured_media":31682,"comment_status":"open","ping_status":"closed","sticky":false,"template":"","format":"standard","meta":[],"categories":[5],"tags":[],"_links":{"self":[{"href":"https:\/\/blitzconquista.com.br\/index.php?rest_route=\/wp\/v2\/posts\/31681"}],"collection":[{"href":"https:\/\/blitzconquista.com.br\/index.php?rest_route=\/wp\/v2\/posts"}],"about":[{"href":"https:\/\/blitzconquista.com.br\/index.php?rest_route=\/wp\/v2\/types\/post"}],"author":[{"embeddable":true,"href":"https:\/\/blitzconquista.com.br\/index.php?rest_route=\/wp\/v2\/users\/1"}],"replies":[{"embeddable":true,"href":"https:\/\/blitzconquista.com.br\/index.php?rest_route=%2Fwp%2Fv2%2Fcomments&post=31681"}],"version-history":[{"count":0,"href":"https:\/\/blitzconquista.com.br\/index.php?rest_route=\/wp\/v2\/posts\/31681\/revisions"}],"wp:featuredmedia":[{"embeddable":true,"href":"https:\/\/blitzconquista.com.br\/index.php?rest_route=\/"}],"wp:attachment":[{"href":"https:\/\/blitzconquista.com.br\/index.php?rest_route=%2Fwp%2Fv2%2Fmedia&parent=31681"}],"wp:term":[{"taxonomy":"category","embeddable":true,"href":"https:\/\/blitzconquista.com.br\/index.php?rest_route=%2Fwp%2Fv2%2Fcategories&post=31681"},{"taxonomy":"post_tag","embeddable":true,"href":"https:\/\/blitzconquista.com.br\/index.php?rest_route=%2Fwp%2Fv2%2Ftags&post=31681"}],"curies":[{"name":"wp","href":"https:\/\/api.w.org\/{rel}","templated":true}]}}