{"id":31740,"date":"2014-12-22T10:45:05","date_gmt":"2014-12-22T13:45:05","guid":{"rendered":"http:\/\/blitzconquista.com.br\/new\/?p=31740"},"modified":"2014-12-24T14:18:47","modified_gmt":"2014-12-24T17:18:47","slug":"pereira-da-viola-e-joao-bosco-superam-expectativas-do-publico-2","status":"publish","type":"post","link":"https:\/\/blitzconquista.com.br\/?p=31740","title":{"rendered":"Pereira da Viola e Jo\u00e3o Bosco superam expectativas do p\u00fablico"},"content":{"rendered":"<div id=\"stcpDiv\">\n<p>\u201cUma \u2018inxcelente maravia\u2019! Se \u2018miorar\u2019 vira rapadura.\u201d Os jarg\u00f5es cheios de bom humor do violeiro Pereira da Viola traduzem facilmente a terceira noite do Natal da Cidade. Nesse domingo, 21, ele foi uma das grandes atra\u00e7\u00f5es no palco principal da celebra\u00e7\u00e3o. \u201cEu me sinto totalmente feliz por essa oportunidade de trazer mais uma vez o meu trabalho para Vit\u00f3ria da Conquista, terra carregada de mestres da m\u00fasica brasileira\u201d, exemplifica o cantor. J\u00e1 veterano no Natal da Cidade, desta vez Pereira da Viola trouxe no repert\u00f3rio parte do DVD que ser\u00e1 lan\u00e7ado em 2015. Sobre os planos para o pr\u00f3ximo ano, ele revelou ainda o projeto \u201cQuarto Crescente\u201d, juntamente com outro violeiro e duas cantoras.<\/p>\n<p>Al\u00e9m do violonista, o p\u00fablico tamb\u00e9m foi embalado por um dos maiores nomes da m\u00fasica popular brasileira. Jo\u00e3o Bosco trouxe composi\u00e7\u00f5es j\u00e1 consagradas em sua carreira, mesclando os DVDs \u201cObrigado, gente\u201d e \u201cJo\u00e3o Bosco 40 anos depois\u201d. Al\u00e9m disso, o artista tamb\u00e9m fez interpreta\u00e7\u00f5es de outros grandes cantores, como Vin\u00edcius de Moraes, Ant\u00f4nio Carlos Jobim e Chico Buarque. Com um repert\u00f3rio bastante peculiar, ele expressa o sentimento em realizar uma apresenta\u00e7\u00e3o nesta \u00e9poca natalina. \u201cAs pessoas est\u00e3o muito envolvidas emotivamente e afetivamente. A gente cede ao deixar de pensar nas coisas que nos pertubam no dia a dia, para pensar nas coisas que s\u00e3o positivas, e assim renovar as expectativas do futuro. Tudo isso est\u00e1 na m\u00fasica, est\u00e1 p\u00fablico\u201d, afirmou.<\/p>\n<p>Quem j\u00e1 esperava por apresenta\u00e7\u00f5es de qualidade diferenciada ainda conseguiu se surpreender. O alto astral contagiante de Pereira da Viola e as letras emocionantes de Jo\u00e3o Bosco conseguiram tornar essa noite inesquec\u00edvel. O comerciante Gilvan Silva acompanhou todas as apresenta\u00e7\u00f5es na companhia da sua esposa. Eles gostaram tanto dos shows que prometem vir todos os outros dias. \u201cA cultura natalina era uma coisa que estava um pouco esquecida, e o Natal da Cidade veio para resgatar isso. Todas as atra\u00e7\u00f5es foram excelentes\u201d, destacou.<\/p>\n<p>Tamb\u00e9m acompanhado por sua esposa, o banc\u00e1rio Eduardo Moraes ressaltou que, durante o Natal da Cidade, \u00e9 poss\u00edvel ter acesso a um universo musical completamente diferente do que se ouve rotineiramente. \u201cEssa \u00e9 uma oportunidade para que a cidade diga ao mundo que existe cultura de qualidade aqui. Isso nos enche de orgulho de pertencer a Vit\u00f3ria da Conquista\u201d, avaliou. Al\u00e9m disso, ele sublinhou a import\u00e2ncia de que esta seja uma tradi\u00e7\u00e3o preservada no presente e no futuro. *Secom<\/p>\n<\/div>\n","protected":false},"excerpt":{"rendered":"<p>\u201cUma \u2018inxcelente maravia\u2019! Se \u2018miorar\u2019 vira rapadura.\u201d Os jarg\u00f5es cheios de bom humor do violeiro Pereira da Viola traduzem facilmente a terceira noite do Natal da Cidade. Nesse domingo, 21, ele foi uma das grandes atra\u00e7\u00f5es no palco principal da celebra\u00e7\u00e3o. \u201cEu me sinto totalmente feliz por essa oportunidade de trazer mais uma vez o [&hellip;]<\/p>\n","protected":false},"author":1,"featured_media":31741,"comment_status":"open","ping_status":"closed","sticky":false,"template":"","format":"standard","meta":[],"categories":[4],"tags":[],"_links":{"self":[{"href":"https:\/\/blitzconquista.com.br\/index.php?rest_route=\/wp\/v2\/posts\/31740"}],"collection":[{"href":"https:\/\/blitzconquista.com.br\/index.php?rest_route=\/wp\/v2\/posts"}],"about":[{"href":"https:\/\/blitzconquista.com.br\/index.php?rest_route=\/wp\/v2\/types\/post"}],"author":[{"embeddable":true,"href":"https:\/\/blitzconquista.com.br\/index.php?rest_route=\/wp\/v2\/users\/1"}],"replies":[{"embeddable":true,"href":"https:\/\/blitzconquista.com.br\/index.php?rest_route=%2Fwp%2Fv2%2Fcomments&post=31740"}],"version-history":[{"count":0,"href":"https:\/\/blitzconquista.com.br\/index.php?rest_route=\/wp\/v2\/posts\/31740\/revisions"}],"wp:featuredmedia":[{"embeddable":true,"href":"https:\/\/blitzconquista.com.br\/index.php?rest_route=\/wp\/v2\/posts\/31741"}],"wp:attachment":[{"href":"https:\/\/blitzconquista.com.br\/index.php?rest_route=%2Fwp%2Fv2%2Fmedia&parent=31740"}],"wp:term":[{"taxonomy":"category","embeddable":true,"href":"https:\/\/blitzconquista.com.br\/index.php?rest_route=%2Fwp%2Fv2%2Fcategories&post=31740"},{"taxonomy":"post_tag","embeddable":true,"href":"https:\/\/blitzconquista.com.br\/index.php?rest_route=%2Fwp%2Fv2%2Ftags&post=31740"}],"curies":[{"name":"wp","href":"https:\/\/api.w.org\/{rel}","templated":true}]}}