{"id":31866,"date":"2014-12-26T14:11:10","date_gmt":"2014-12-26T17:11:10","guid":{"rendered":"http:\/\/blitzconquista.com.br\/?p=31866"},"modified":"2014-12-26T14:11:10","modified_gmt":"2014-12-26T17:11:10","slug":"governo-municipal-avalia-decima-oitava-edicao-do-natal-da-cidade","status":"publish","type":"post","link":"https:\/\/blitzconquista.com.br\/?p=31866","title":{"rendered":"Governo Municipal avalia d\u00e9cima oitava edi\u00e7\u00e3o do Natal da Cidade"},"content":{"rendered":"<p><strong>Para os gestores municipais, o evento est\u00e1 consagrado entre os grandes eventos culturais da Bahia<\/strong><\/p>\n<p>Sete dias, quatro espa\u00e7os, uma exposi\u00e7\u00e3o, um homenageado, sete apresenta\u00e7\u00f5es de teatro e dan\u00e7a, aproximadamente 150 servidores da Prefeitura envolvidos \u2013 entre agentes de seguran\u00e7a patrimonial e da de Defesa Civil, fiscais da Ger\u00eancia de Posturas, profissionais de sa\u00fade do Caav e do Samu 192 e equipes de apoio e produ\u00e7\u00e3o -, dezesseis grupos de ternos de reis, 54 atra\u00e7\u00f5es musicais e mais de 70 mil pessoas de p\u00fablico. Assim foi a 18\u00aa edi\u00e7\u00e3o do Natal da Cidade, evento multicultural que se destaca entre os grandes eventos do g\u00eanero do Norte e Nordeste brasileiro.<\/p>\n<p>Promovida pela Prefeitura de Vit\u00f3ria da Conquista, por meio da Secretaria Municipal de Cultura, Turismo, Esporte e Lazer, a edi\u00e7\u00e3o desse ano brindou a cidade e regi\u00e3o com o mesmo brilho e o mesmo encanto das edi\u00e7\u00f5es anteriores. \u201cCompletamos dezoito anos de Natal da Cidade, com o sentimento de que essa data foi comemorada com a grandeza que a popula\u00e7\u00e3o de Vit\u00f3ria da Conquista merece, com shows memor\u00e1veis e a participa\u00e7\u00e3o dos ternos de reis\u201d, ressaltou o prefeito Guilherme Menezes.<\/p>\n<p>De acordo com o secret\u00e1rio de Cultura, Turismo, Esporte e Lazer, Nagib Barroso, o Natal da Cidade est\u00e1 mais que consolidado. \u201cEsse \u00e9 um projeto do Governo Municipal que, desde o seu in\u00edcio, deu certo. Hoje, h\u00e1 toda a estrutura e a seguran\u00e7a que o cidad\u00e3o conquistense merece, preservando a mesma qualidade musical e a valoriza\u00e7\u00e3o dos artistas da cidade, que \u00e9 um celeiro de grandes talentos e que devem ser tratados com o respeito que merecem\u201d, destacou o secret\u00e1rio.<\/p>\n<p>Para o coordenador de Turismo, Carlos Moreno, o p\u00fablico foi o mais diversificado poss\u00edvel. \u201cTeve muita gente de fora -do Rio de Janeiro, de S\u00e3o Paulo, do Par\u00e1 e at\u00e9 de fora do Brasil \u2013 os coment\u00e1rios foram os melhores poss\u00edveis. Visitei a rede hoteleira e os hot\u00e9is estavam todos lotados\u201d, disse o coordenador, lembrando a nova estrutura e a diversidade da programa\u00e7\u00e3o.<\/p>\n<p>De acordo a Pol\u00edcia Militar, nenhuma ocorr\u00eancia foi registrada durante a realiza\u00e7\u00e3o do evento. Agora, \u00e9 contar os dias para a 19\u00aa edi\u00e7\u00e3o do Natal da Cidade. *Secom<\/p>\n","protected":false},"excerpt":{"rendered":"<p>Para os gestores municipais, o evento est\u00e1 consagrado entre os grandes eventos culturais da Bahia Sete dias, quatro espa\u00e7os, uma exposi\u00e7\u00e3o, um homenageado, sete apresenta\u00e7\u00f5es de teatro e dan\u00e7a, aproximadamente 150 servidores da Prefeitura envolvidos \u2013 entre agentes de seguran\u00e7a patrimonial e da de Defesa Civil, fiscais da Ger\u00eancia de Posturas, profissionais de sa\u00fade do [&hellip;]<\/p>\n","protected":false},"author":1,"featured_media":31746,"comment_status":"open","ping_status":"closed","sticky":false,"template":"","format":"standard","meta":[],"categories":[4],"tags":[],"_links":{"self":[{"href":"https:\/\/blitzconquista.com.br\/index.php?rest_route=\/wp\/v2\/posts\/31866"}],"collection":[{"href":"https:\/\/blitzconquista.com.br\/index.php?rest_route=\/wp\/v2\/posts"}],"about":[{"href":"https:\/\/blitzconquista.com.br\/index.php?rest_route=\/wp\/v2\/types\/post"}],"author":[{"embeddable":true,"href":"https:\/\/blitzconquista.com.br\/index.php?rest_route=\/wp\/v2\/users\/1"}],"replies":[{"embeddable":true,"href":"https:\/\/blitzconquista.com.br\/index.php?rest_route=%2Fwp%2Fv2%2Fcomments&post=31866"}],"version-history":[{"count":0,"href":"https:\/\/blitzconquista.com.br\/index.php?rest_route=\/wp\/v2\/posts\/31866\/revisions"}],"wp:featuredmedia":[{"embeddable":true,"href":"https:\/\/blitzconquista.com.br\/index.php?rest_route=\/wp\/v2\/media\/31746"}],"wp:attachment":[{"href":"https:\/\/blitzconquista.com.br\/index.php?rest_route=%2Fwp%2Fv2%2Fmedia&parent=31866"}],"wp:term":[{"taxonomy":"category","embeddable":true,"href":"https:\/\/blitzconquista.com.br\/index.php?rest_route=%2Fwp%2Fv2%2Fcategories&post=31866"},{"taxonomy":"post_tag","embeddable":true,"href":"https:\/\/blitzconquista.com.br\/index.php?rest_route=%2Fwp%2Fv2%2Ftags&post=31866"}],"curies":[{"name":"wp","href":"https:\/\/api.w.org\/{rel}","templated":true}]}}