{"id":31886,"date":"2014-12-23T13:01:04","date_gmt":"2014-12-23T16:01:04","guid":{"rendered":"http:\/\/blitzconquista.com.br\/new\/?p=31748"},"modified":"2014-12-23T13:01:04","modified_gmt":"2014-12-23T16:01:04","slug":"carisma-de-fafa-de-belem-contagia-o-publico-do-natal-da-cidade-2","status":"publish","type":"post","link":"https:\/\/blitzconquista.com.br\/?p=31886","title":{"rendered":"Carisma de Faf\u00e1 de Bel\u00e9m contagia o p\u00fablico do Natal da Cidade"},"content":{"rendered":"<div id=\"stcpDiv\">\n<p lang=\"zxx\"><strong>Quase 20 mil pessoas cantaram e se emocionaram junto com a cantora<\/strong><\/p>\n<p lang=\"zxx\">A servidora p\u00fablica estadual Sandra Argolo, 55 anos, e sua filha Emile, estudante, 20, viajaram mais de 260 quil\u00f4metros \u2013 dist\u00e2ncia que separa a cidade onde ambas moram, Ilh\u00e9us, de Vit\u00f3ria da Conquista \u2013 unicamente para participar da 18\u00aa edi\u00e7\u00e3o do Natal da Cidade. Falando mais especificamente, elas queriam ver a apresenta\u00e7\u00e3o de Faf\u00e1 de Bel\u00e9m, e realmente viram, na noite de segunda-feira, 22. Mas certamente n\u00e3o esperavam pelo que de fato ocorreu.<\/p>\n<p>M\u00e3e e filha s\u00e3o f\u00e3s incondicionais da cantora paraense. E, por isso, trouxeram flores para o show, talvez com alguma esperan\u00e7a de que talvez conseguissem entreg\u00e1-las \u00e0 artista. Mas qual n\u00e3o foi a surpresa quando a pr\u00f3pria Faf\u00e1, vendo que Emile segurava o buqu\u00ea de flores junto ao gradil em frente ao palco, perguntou se eram para ela e pediu que lhe entregassem.<\/p>\n<p>\u201cFoi muito emocionante. Pensei que eu n\u00e3o ia conseguir. Estava aqui, j\u00e1 quietinha, pensando que n\u00e3o ia dar certo. Mas a\u00ed ela viu e pediu para que pegassem. \u00c9 muita emo\u00e7\u00e3o. Agora, vou curtir o show muito mais feliz\u201d, contou a estudante, minutos depois, ainda tomada pela emo\u00e7\u00e3o de ver seu presente chegar \u00e0s m\u00e3os da artista que mais admira. Emile e a m\u00e3e jamais haviam tido a oportunidade de ver ao vivo um show de Faf\u00e1. Puderam fazer isso gra\u00e7as \u00e0 iniciativa da Prefeitura de Vit\u00f3ria da Conquista, por meio da Secretaria Municipal de Cultura, Turismo, Esporte e Lazer. \u201c\u00c9 uma emo\u00e7\u00e3o imensa, \u00e9 maravilhoso. \u00c9 o presente de natal, meu e da minha filha\u201d, disse a m\u00e3e, orgulhosa e emocionada.<\/p>\n<p><strong>\u2018Arrepios\u2019<\/strong> \u2013 N\u00e3o \u00e9 por acaso que Faf\u00e1 de Bel\u00e9m arregimenta admiradores t\u00e3o ardorosos. O carisma da cantora, aliado ao magnetismo que ela exerce sobre quem est\u00e1 por perto, \u00e9 algo imposs\u00edvel de n\u00e3o notar. Ela canta, num mesmo repert\u00f3rio, can\u00e7\u00f5es de compositores t\u00e3o d\u00edspares, com a mesma naturalidade com que solta suas famosas gargalhadas. Cantou Chico Buarque em v\u00e1rios momentos. Em outros, entoou p\u00e9rolas de Caetano Veloso e Assis Valente. Chegou a citar um trecho de uma m\u00fasica do cantador conquistense \u2013 e universal \u2013 Elomar Figueira. Com a mesma desenvoltura, executou sucessos de Jos\u00e9 Augusto, Waldick Soriano e Zez\u00e9 di Camargo. E, atendendo a despretensiosos pedidos de alguns f\u00e3s, incluiu no repert\u00f3rio do show um cl\u00e1ssico de Cartola \u2013 \u201cO mundo \u00e9 um moinho\u201d, levando ao \u00eaxtase os espectadores mais atentos.<\/p>\n<p>\u201cA m\u00fasica tem que me arrepiar\u201d, disse Faf\u00e1 \u00e0 imprensa local, horas antes do show, quando tentava explicar os crit\u00e9rios que a levam a optar por esta ou por aquela can\u00e7\u00e3o no momento de escolher seu repert\u00f3rio. \u201cN\u00e3o estou interessada se \u00e9 de um compositor chamado de \u2018classe A\u2019, ou se \u00e9 de um compositor simples. A emo\u00e7\u00e3o da m\u00fasica e da letra, e a situa\u00e7\u00e3o, t\u00eam que me abra\u00e7ar\u201d, afirmou.<\/p>\n<p><strong>\u2018Iniciativas maravilhosas\u2019<\/strong> \u2013 A artista, t\u00e3o exaltada pelos milhares de f\u00e3s amealhados ao longo de quase 40 anos de carreira, renega o r\u00f3tulo de \u201cdiva\u201d, por achar que tal papel \u00e9 \u201crid\u00edculo\u201d: \u201cSou apenas uma mulher brasileira que gosta de cantar\u201d. Faf\u00e1 exaltou a l\u00f3gica de funcionamento de eventos como o Natal da Cidade, descrito por ela como \u201cdemocr\u00e1tico\u201d. \u201cEssas iniciativas todas s\u00e3o maravilhosas, multiculturais, e servem para lembrar que existe vida al\u00e9m do que est\u00e1 sendo imposto\u201d, disse a cantora, que identificou pontos de converg\u00eancia entre o evento e o per\u00edodo natalino. \u201cAcho interessante, porque na pra\u00e7a p\u00fablica as pessoas tamb\u00e9m se abra\u00e7am\u201d, observou. *Secom<\/p>\n<\/div>\n","protected":false},"excerpt":{"rendered":"<p>Quase 20 mil pessoas cantaram e se emocionaram junto com a cantora A servidora p\u00fablica estadual Sandra Argolo, 55 anos, e sua filha Emile, estudante, 20, viajaram mais de 260 quil\u00f4metros \u2013 dist\u00e2ncia que separa a cidade onde ambas moram, Ilh\u00e9us, de Vit\u00f3ria da Conquista \u2013 unicamente para participar da 18\u00aa edi\u00e7\u00e3o do Natal da [&hellip;]<\/p>\n","protected":false},"author":1,"featured_media":31749,"comment_status":"open","ping_status":"closed","sticky":false,"template":"","format":"standard","meta":[],"categories":[4],"tags":[],"_links":{"self":[{"href":"https:\/\/blitzconquista.com.br\/index.php?rest_route=\/wp\/v2\/posts\/31886"}],"collection":[{"href":"https:\/\/blitzconquista.com.br\/index.php?rest_route=\/wp\/v2\/posts"}],"about":[{"href":"https:\/\/blitzconquista.com.br\/index.php?rest_route=\/wp\/v2\/types\/post"}],"author":[{"embeddable":true,"href":"https:\/\/blitzconquista.com.br\/index.php?rest_route=\/wp\/v2\/users\/1"}],"replies":[{"embeddable":true,"href":"https:\/\/blitzconquista.com.br\/index.php?rest_route=%2Fwp%2Fv2%2Fcomments&post=31886"}],"version-history":[{"count":0,"href":"https:\/\/blitzconquista.com.br\/index.php?rest_route=\/wp\/v2\/posts\/31886\/revisions"}],"wp:featuredmedia":[{"embeddable":true,"href":"https:\/\/blitzconquista.com.br\/index.php?rest_route=\/wp\/v2\/media\/31749"}],"wp:attachment":[{"href":"https:\/\/blitzconquista.com.br\/index.php?rest_route=%2Fwp%2Fv2%2Fmedia&parent=31886"}],"wp:term":[{"taxonomy":"category","embeddable":true,"href":"https:\/\/blitzconquista.com.br\/index.php?rest_route=%2Fwp%2Fv2%2Fcategories&post=31886"},{"taxonomy":"post_tag","embeddable":true,"href":"https:\/\/blitzconquista.com.br\/index.php?rest_route=%2Fwp%2Fv2%2Ftags&post=31886"}],"curies":[{"name":"wp","href":"https:\/\/api.w.org\/{rel}","templated":true}]}}