{"id":31887,"date":"2014-12-23T13:06:51","date_gmt":"2014-12-23T16:06:51","guid":{"rendered":"http:\/\/blitzconquista.com.br\/new\/?p=31751"},"modified":"2014-12-23T13:06:51","modified_gmt":"2014-12-23T16:06:51","slug":"publico-do-natal-da-cidade-vibra-em-show-de-zeca-baleiro-2","status":"publish","type":"post","link":"https:\/\/blitzconquista.com.br\/?p=31887","title":{"rendered":"P\u00fablico do Natal da Cidade vibra em show de Zeca Baleiro"},"content":{"rendered":"<div id=\"stcpDiv\">\n<p lang=\"zxx\"><strong>Dono de repert\u00f3rio respeitado, o artista empolgou quem o assistia no Centro Glauber Roch<\/strong>a<\/p>\n<p lang=\"zxx\">Em entrevista \u00e0 imprensa, minutos antes de subir ao palco do Natal da Cidade, Zeca Baleiro disse lembrar-se com carinho de um show que fez em Vit\u00f3ria da Conquista, anos atr\u00e1s, numa antiga edi\u00e7\u00e3o do Natal da Cidade, ainda na Pra\u00e7a Bar\u00e3o do Rio Branco: \u201cFoi bem gostoso. Foi um show que eu lembro com muita saudade\u201d. No entanto, a apresenta\u00e7\u00e3o que o artista fez na noite de segunda-feira, 22 \u2013 a quarta da 18\u00aa edi\u00e7\u00e3o do evento natalino promovido pela Prefeitura (descrita por ele como \u201cum pouco mais pesada e dan\u00e7ante\u201d) \u2013 certamente vai deixar lembran\u00e7as mais intensas em sua mem\u00f3ria, e tamb\u00e9m na do p\u00fablico que o acompanhou.<\/p>\n<p>\u201cO evento \u00e9 lindo\u201d, vaticinou Zeca. \u201cA gente precisa mais de coisas como essa. \u00c9 bom para os artistas, pois possibilita esse acesso a lugares mais long\u00ednquos, e para o p\u00fablico, que, de uma tacada s\u00f3, pode ver v\u00e1rios artistas de v\u00e1rias praias e tend\u00eancias. Isso \u00e9 muito bacana, muito rico culturalmente para uma cidade\u201d, continuou o cantor.<\/p>\n<p>Zeca Baleiro tem raz\u00e3o. A certa altura, ap\u00f3s cantar \u201cNa rua, na chuva e na fazenda\u201d, de Hyldon, o compositor comentou com o p\u00fablico que essa can\u00e7\u00e3o, embora tenha sido lan\u00e7ada h\u00e1 pelo menos 40 anos, ainda se mant\u00e9m presente, por ser capaz de emocionar gente de todas as idades, at\u00e9 mesmo os mais jovens.<\/p>\n<p><strong>\u2018Grande cantor\u2019<\/strong> \u2013 A julgar pelo que se viu no Centro Glauber Rocha, no decorrer de sua apresenta\u00e7\u00e3o, Zeca pode se orgulhar de ter a mesma capacidade que Hyldon. Suas can\u00e7\u00f5es ainda dever\u00e3o perdurar por muitos anos na mem\u00f3ria do p\u00fablico, assim como ocorre com \u201cNa rua, na chuva e na fazenda\u201d. Est\u00e1 a\u00ed a pequena Rafaela Prates Santos, para n\u00e3o deix\u00e1-lo mentir. Com apenas 9 anos, ela se diz f\u00e3 incondicional de Zeca, a ponto de ir ao Centro Glauber Rocha e marcar presen\u00e7a junto ao palco durante todo o show do artista.<\/p>\n<p>Ali\u00e1s, como come\u00e7ou tamanha admira\u00e7\u00e3o? \u201cFoi porque meu pai come\u00e7ou a baixar m\u00fasicas no<em> pen drive<\/em> dele. A\u00ed eu fui escutando e fui come\u00e7ando a gostar\u201d, disse a jovem admiradora, que, na segunda-feira, 22, viu Zeca de perto pela primeira vez. \u201cPara mim, ele \u00e9 um grande cantor. Estou achando o m\u00e1ximo\u201d, exultou.<\/p>\n<p><strong>\u2018Um pensador\u2019<\/strong> \u2013 Ros\u00e2ngela Santos, 21, tia de Rafaela, tamb\u00e9m come\u00e7ou a apreciar o trabalho de Zeca Baleiro por influ\u00eancia familiar. \u201cFoi por causa do meu irm\u00e3o, porque ele curte muito. Comecei a prestar aten\u00e7\u00e3o nas letras e comecei a gostar, tamb\u00e9m\u201d, disse a estudante, que, tendo conclu\u00eddo o Ensino M\u00e9dio h\u00e1 cerca de tr\u00eas anos, vai come\u00e7ar, em janeiro de 2015, o curso superior de Pedagogia, por uma institui\u00e7\u00e3o de ensino \u00e0 dist\u00e2ncia.<\/p>\n<p>\u201cAs letras s\u00e3o boas demais. N\u00e3o se encontram mais letras assim. Ele representa um artista como poucos que existem agora. \u00c9 um pensador, que traz muita coisa boa para a gente\u201d, refletiu Ros\u00e2ngela. *Secom<\/p>\n<\/div>\n","protected":false},"excerpt":{"rendered":"<p>Dono de repert\u00f3rio respeitado, o artista empolgou quem o assistia no Centro Glauber Rocha Em entrevista \u00e0 imprensa, minutos antes de subir ao palco do Natal da Cidade, Zeca Baleiro disse lembrar-se com carinho de um show que fez em Vit\u00f3ria da Conquista, anos atr\u00e1s, numa antiga edi\u00e7\u00e3o do Natal da Cidade, ainda na Pra\u00e7a [&hellip;]<\/p>\n","protected":false},"author":1,"featured_media":31752,"comment_status":"open","ping_status":"closed","sticky":false,"template":"","format":"standard","meta":[],"categories":[4],"tags":[],"_links":{"self":[{"href":"https:\/\/blitzconquista.com.br\/index.php?rest_route=\/wp\/v2\/posts\/31887"}],"collection":[{"href":"https:\/\/blitzconquista.com.br\/index.php?rest_route=\/wp\/v2\/posts"}],"about":[{"href":"https:\/\/blitzconquista.com.br\/index.php?rest_route=\/wp\/v2\/types\/post"}],"author":[{"embeddable":true,"href":"https:\/\/blitzconquista.com.br\/index.php?rest_route=\/wp\/v2\/users\/1"}],"replies":[{"embeddable":true,"href":"https:\/\/blitzconquista.com.br\/index.php?rest_route=%2Fwp%2Fv2%2Fcomments&post=31887"}],"version-history":[{"count":0,"href":"https:\/\/blitzconquista.com.br\/index.php?rest_route=\/wp\/v2\/posts\/31887\/revisions"}],"wp:featuredmedia":[{"embeddable":true,"href":"https:\/\/blitzconquista.com.br\/index.php?rest_route=\/wp\/v2\/media\/31752"}],"wp:attachment":[{"href":"https:\/\/blitzconquista.com.br\/index.php?rest_route=%2Fwp%2Fv2%2Fmedia&parent=31887"}],"wp:term":[{"taxonomy":"category","embeddable":true,"href":"https:\/\/blitzconquista.com.br\/index.php?rest_route=%2Fwp%2Fv2%2Fcategories&post=31887"},{"taxonomy":"post_tag","embeddable":true,"href":"https:\/\/blitzconquista.com.br\/index.php?rest_route=%2Fwp%2Fv2%2Ftags&post=31887"}],"curies":[{"name":"wp","href":"https:\/\/api.w.org\/{rel}","templated":true}]}}