{"id":31918,"date":"2014-12-30T00:48:59","date_gmt":"2014-12-30T03:48:59","guid":{"rendered":"http:\/\/blitzconquista.com.br\/new\/?p=31880"},"modified":"2015-01-02T06:30:08","modified_gmt":"2015-01-02T09:30:08","slug":"fundacao-publica-de-saude-de-vitoria-da-conquista-reabre-inscricoes","status":"publish","type":"post","link":"https:\/\/blitzconquista.com.br\/?p=31918","title":{"rendered":"Funda\u00e7\u00e3o P\u00fablica de Sa\u00fade de Vit\u00f3ria da Conquista reabre inscri\u00e7\u00f5es"},"content":{"rendered":"<p>A Funda\u00e7\u00e3o P\u00fablica de Sa\u00fade de Vit\u00f3ria da Conquista reabriu as inscri\u00e7\u00f5es para a Sele\u00e7\u00e3o P\u00fablica aberta pelo Edital n\u00ba 002\/2014 at\u00e9 o dia 11 de janeiro de 2014, em modalidade n\u00e3o presencial, exclusivamente atrav\u00e9s do endere\u00e7o eletr\u00f4nico www.pmvc.ba.gov.br, com preenchimento online da ficha de inscri\u00e7\u00e3o. Fica alterada, tamb\u00e9m, a data de realiza\u00e7\u00e3o das provas do dia 11 de janeiro para o dia 1\u00b0 de fevereiro de 2015, em locais a serem divulgados posteriormente.<br \/>\nA inten\u00e7\u00e3o da sele\u00e7\u00e3o \u00e9 contratar de forma tempor\u00e1ria de excepcional interesse p\u00fablico de profissionais para preenchimento imediato de vagas e forma\u00e7\u00e3o de quadro de reserva para diversas \u00e1reas por prazo determinado. As oportunidades s\u00e3o para profissionais de n\u00edvel m\u00e9dio e de n\u00edvel t\u00e9cnico para as seguintes \u00e1reas: t\u00e9cnico em farm\u00e1cia hospitalar, motorista, motoboy, t\u00e9cnico de enfermagem e de enfermagem com experi\u00eancia em Banco de Leite e em UTI Neonatal, t\u00e9cnico de inform\u00e1tica, auxiliar administrativo, auxiliar de almoxarife, digitador e recepcionista.<\/p>\n","protected":false},"excerpt":{"rendered":"<p>A Funda\u00e7\u00e3o P\u00fablica de Sa\u00fade de Vit\u00f3ria da Conquista reabriu as inscri\u00e7\u00f5es para a Sele\u00e7\u00e3o P\u00fablica aberta pelo Edital n\u00ba 002\/2014 at\u00e9 o dia 11 de janeiro de 2014, em modalidade n\u00e3o presencial, exclusivamente atrav\u00e9s do endere\u00e7o eletr\u00f4nico www.pmvc.ba.gov.br, com preenchimento online da ficha de inscri\u00e7\u00e3o. Fica alterada, tamb\u00e9m, a data de realiza\u00e7\u00e3o das provas [&hellip;]<\/p>\n","protected":false},"author":1,"featured_media":31939,"comment_status":"open","ping_status":"closed","sticky":false,"template":"","format":"standard","meta":[],"categories":[30],"tags":[],"_links":{"self":[{"href":"https:\/\/blitzconquista.com.br\/index.php?rest_route=\/wp\/v2\/posts\/31918"}],"collection":[{"href":"https:\/\/blitzconquista.com.br\/index.php?rest_route=\/wp\/v2\/posts"}],"about":[{"href":"https:\/\/blitzconquista.com.br\/index.php?rest_route=\/wp\/v2\/types\/post"}],"author":[{"embeddable":true,"href":"https:\/\/blitzconquista.com.br\/index.php?rest_route=\/wp\/v2\/users\/1"}],"replies":[{"embeddable":true,"href":"https:\/\/blitzconquista.com.br\/index.php?rest_route=%2Fwp%2Fv2%2Fcomments&post=31918"}],"version-history":[{"count":0,"href":"https:\/\/blitzconquista.com.br\/index.php?rest_route=\/wp\/v2\/posts\/31918\/revisions"}],"wp:featuredmedia":[{"embeddable":true,"href":"https:\/\/blitzconquista.com.br\/index.php?rest_route=\/wp\/v2\/media\/31939"}],"wp:attachment":[{"href":"https:\/\/blitzconquista.com.br\/index.php?rest_route=%2Fwp%2Fv2%2Fmedia&parent=31918"}],"wp:term":[{"taxonomy":"category","embeddable":true,"href":"https:\/\/blitzconquista.com.br\/index.php?rest_route=%2Fwp%2Fv2%2Fcategories&post=31918"},{"taxonomy":"post_tag","embeddable":true,"href":"https:\/\/blitzconquista.com.br\/index.php?rest_route=%2Fwp%2Fv2%2Ftags&post=31918"}],"curies":[{"name":"wp","href":"https:\/\/api.w.org\/{rel}","templated":true}]}}