{"id":31923,"date":"2015-01-01T12:43:10","date_gmt":"2015-01-01T15:43:10","guid":{"rendered":"http:\/\/blitzconquista.com.br\/new\/?p=31903"},"modified":"2015-01-02T06:32:03","modified_gmt":"2015-01-02T09:32:03","slug":"mais-um-baleado-no-panorama-ii","status":"publish","type":"post","link":"https:\/\/blitzconquista.com.br\/?p=31923","title":{"rendered":"Mais um baleado no Panorama II"},"content":{"rendered":"<p class=\"western\" align=\"LEFT\"><span style=\"color: #006621;\"><span style=\"font-family: arial, sans-serif;\"><span style=\"font-size: small;\">Na noite desta quarta, 31, o Samu 192 atendeu o pedido de socorro para um ferido por arma de fogo. Imediatamente a Pol\u00edcia Militar foi informada e duas viaturas foram designadas para apoiar a ambul\u00e2ncia na ocorr\u00eancia.<\/span><\/span><\/span><\/p>\n<p class=\"western\" align=\"LEFT\"><span style=\"color: #006621;\"><span style=\"font-family: arial, sans-serif;\"><span style=\"font-size: small;\">Ao chegar no local indicado, constatou-se a veracidade da informa\u00e7\u00e3o, pois encontrava-se no local um jovem ferido. Ap\u00f3s realizar os primeiros procedimentos, o Samu 192 conduziu o rapaz para o Hospital de Base.<\/span><\/span><\/span><\/p>\n<p class=\"western\" align=\"LEFT\"><span style=\"color: #006621;\"><span style=\"font-family: arial, sans-serif;\"><span style=\"font-size: small;\">Conforme informa\u00e7\u00f5es obtidas no local, o jovem foi ferido na parte alta do Bairro Panorama e conseguiu fugir pela Rua da Corrente (do Areial).<\/span><\/span><\/span><\/p>\n<p class=\"western\" align=\"LEFT\"><span style=\"color: #006621;\"><span style=\"font-family: arial, sans-serif;\"><span style=\"font-size: small;\">As suspeitas s\u00e3o de que o fato tenha liga\u00e7\u00e3o com o tr\u00e1fico de drogas e\/ou outras atividades il\u00edcitas.<\/span><\/span><\/span><\/p>\n","protected":false},"excerpt":{"rendered":"<p>Na noite desta quarta, 31, o Samu 192 atendeu o pedido de socorro para um ferido por arma de fogo. Imediatamente a Pol\u00edcia Militar foi informada e duas viaturas foram designadas para apoiar a ambul\u00e2ncia na ocorr\u00eancia. Ao chegar no local indicado, constatou-se a veracidade da informa\u00e7\u00e3o, pois encontrava-se no local um jovem ferido. Ap\u00f3s [&hellip;]<\/p>\n","protected":false},"author":1,"featured_media":31943,"comment_status":"open","ping_status":"closed","sticky":false,"template":"","format":"standard","meta":[],"categories":[3],"tags":[],"_links":{"self":[{"href":"https:\/\/blitzconquista.com.br\/index.php?rest_route=\/wp\/v2\/posts\/31923"}],"collection":[{"href":"https:\/\/blitzconquista.com.br\/index.php?rest_route=\/wp\/v2\/posts"}],"about":[{"href":"https:\/\/blitzconquista.com.br\/index.php?rest_route=\/wp\/v2\/types\/post"}],"author":[{"embeddable":true,"href":"https:\/\/blitzconquista.com.br\/index.php?rest_route=\/wp\/v2\/users\/1"}],"replies":[{"embeddable":true,"href":"https:\/\/blitzconquista.com.br\/index.php?rest_route=%2Fwp%2Fv2%2Fcomments&post=31923"}],"version-history":[{"count":0,"href":"https:\/\/blitzconquista.com.br\/index.php?rest_route=\/wp\/v2\/posts\/31923\/revisions"}],"wp:featuredmedia":[{"embeddable":true,"href":"https:\/\/blitzconquista.com.br\/index.php?rest_route=\/wp\/v2\/media\/31943"}],"wp:attachment":[{"href":"https:\/\/blitzconquista.com.br\/index.php?rest_route=%2Fwp%2Fv2%2Fmedia&parent=31923"}],"wp:term":[{"taxonomy":"category","embeddable":true,"href":"https:\/\/blitzconquista.com.br\/index.php?rest_route=%2Fwp%2Fv2%2Fcategories&post=31923"},{"taxonomy":"post_tag","embeddable":true,"href":"https:\/\/blitzconquista.com.br\/index.php?rest_route=%2Fwp%2Fv2%2Ftags&post=31923"}],"curies":[{"name":"wp","href":"https:\/\/api.w.org\/{rel}","templated":true}]}}