{"id":31928,"date":"2015-01-02T04:45:15","date_gmt":"2015-01-02T07:45:15","guid":{"rendered":"http:\/\/blitzconquista.com.br\/new\/?p=31927"},"modified":"2015-01-02T07:21:37","modified_gmt":"2015-01-02T10:21:37","slug":"governo-municipal-prestigia-posse-do-novo-governador-da-bahia","status":"publish","type":"post","link":"https:\/\/blitzconquista.com.br\/?p=31928","title":{"rendered":"Governo Municipal prestigia posse do novo governador da Bahia"},"content":{"rendered":"<div id=\"stcpDiv\">\n<p>Aconteceu na manh\u00e3 desta quinta-feira, 1\u00ba de janeiro, a posse do novo governador da Bahia, Rui Costa, e do vice, Jo\u00e3o Le\u00e3o, na Assembleia Legislativa, no Centro Administrativo da Bahia, em Salvador. A cerim\u00f4nia de posse contou com a presen\u00e7a de diversos pol\u00edticos e convidados, entre eles, o prefeito de Vit\u00f3ria da Conquista, Guilherme Menezes.<\/p>\n<p>Ao proferir o compromisso de posse, Rui Costa reafirmou que trabalhar\u00e1 pelo desenvolvimento do estado e que um dos princ\u00edpios fundamentais de sua gest\u00e3o ser\u00e1 a interioriza\u00e7\u00e3o das a\u00e7\u00f5es. \u201cSobre essa base que j\u00e1 est\u00e1 plantada \u00e9 que vamos construir novas mudan\u00e7as e realizar novas conquistas\u201d, ressaltou.<\/p>\n<p>Nesse sentido, Vit\u00f3ria da Conquista foi citada pelo novo governador como \u201cuma das tr\u00eas cidades baianas que mais crescem acima da m\u00e9dia nacional\u201d. Ele destacou tamb\u00e9m a conclus\u00e3o do novo aeroporto da cidade, cujas obras encontram-se em est\u00e1gio avan\u00e7ado para o cronograma previamente estabelecido.<\/p>\n<p>\u201cA nossa expectativa \u00e9 que esse tamb\u00e9m ser\u00e1 um bom governo tanto para a capital quanto para o interior. Rui Costa tem tudo para ser um bom governador, at\u00e9 porque acumulou significativa experi\u00eancia durante as duas gest\u00f5es do ex-governador Jaques Wagner\u201d, afirmou o prefeito Guilherme Menezes, que ressaltou ainda a import\u00e2ncia dos tr\u00eas pilares fundamentais defendidos pela gest\u00e3o de Rui: educa\u00e7\u00e3o, sa\u00fade p\u00fablica e seguran\u00e7a p\u00fablica.<\/p>\n<p>Em dezembro, o prefeito Guilherme Menezes se reuniu com o novo governador do estado para tratar de assuntos acerca do desenvolvimento de Vit\u00f3ria da Conquista.<\/p>\n<p><em>* Com informa\u00e7\u00f5es e fotos da Secretaria de Comunica\u00e7\u00e3o do Governo do Estado<\/em><\/p>\n<\/div>\n","protected":false},"excerpt":{"rendered":"<p>Aconteceu na manh\u00e3 desta quinta-feira, 1\u00ba de janeiro, a posse do novo governador da Bahia, Rui Costa, e do vice, Jo\u00e3o Le\u00e3o, na Assembleia Legislativa, no Centro Administrativo da Bahia, em Salvador. A cerim\u00f4nia de posse contou com a presen\u00e7a de diversos pol\u00edticos e convidados, entre eles, o prefeito de Vit\u00f3ria da Conquista, Guilherme Menezes. [&hellip;]<\/p>\n","protected":false},"author":1,"featured_media":31987,"comment_status":"open","ping_status":"closed","sticky":false,"template":"","format":"standard","meta":[],"categories":[5],"tags":[],"_links":{"self":[{"href":"https:\/\/blitzconquista.com.br\/index.php?rest_route=\/wp\/v2\/posts\/31928"}],"collection":[{"href":"https:\/\/blitzconquista.com.br\/index.php?rest_route=\/wp\/v2\/posts"}],"about":[{"href":"https:\/\/blitzconquista.com.br\/index.php?rest_route=\/wp\/v2\/types\/post"}],"author":[{"embeddable":true,"href":"https:\/\/blitzconquista.com.br\/index.php?rest_route=\/wp\/v2\/users\/1"}],"replies":[{"embeddable":true,"href":"https:\/\/blitzconquista.com.br\/index.php?rest_route=%2Fwp%2Fv2%2Fcomments&post=31928"}],"version-history":[{"count":0,"href":"https:\/\/blitzconquista.com.br\/index.php?rest_route=\/wp\/v2\/posts\/31928\/revisions"}],"wp:featuredmedia":[{"embeddable":true,"href":"https:\/\/blitzconquista.com.br\/index.php?rest_route=\/wp\/v2\/media\/31987"}],"wp:attachment":[{"href":"https:\/\/blitzconquista.com.br\/index.php?rest_route=%2Fwp%2Fv2%2Fmedia&parent=31928"}],"wp:term":[{"taxonomy":"category","embeddable":true,"href":"https:\/\/blitzconquista.com.br\/index.php?rest_route=%2Fwp%2Fv2%2Fcategories&post=31928"},{"taxonomy":"post_tag","embeddable":true,"href":"https:\/\/blitzconquista.com.br\/index.php?rest_route=%2Fwp%2Fv2%2Ftags&post=31928"}],"curies":[{"name":"wp","href":"https:\/\/api.w.org\/{rel}","templated":true}]}}