{"id":31991,"date":"2015-01-02T14:57:07","date_gmt":"2015-01-02T17:57:07","guid":{"rendered":"http:\/\/blitzconquista.com.br\/?p=31991"},"modified":"2015-01-05T00:19:03","modified_gmt":"2015-01-05T03:19:03","slug":"cobertura-de-predio-pega-fogo-no-bairro-candeias","status":"publish","type":"post","link":"https:\/\/blitzconquista.com.br\/?p=31991","title":{"rendered":"Cobertura de pr\u00e9dio pega fogo no Bairro Candeias"},"content":{"rendered":"<p class=\"western\" align=\"LEFT\">O que se temia, aconteceu!<\/p>\n<p class=\"western\" align=\"LEFT\"><span style=\"color: #006621;\"><span style=\"font-family: arial, sans-serif;\"><span style=\"font-size: small;\"><img decoding=\"async\" loading=\"lazy\" class=\" size-full wp-image-31933 aligncenter\" src=\"http:\/\/blitzconquista.com.br\/new\/wp-content\/uploads\/2015\/01\/Editada22.jpg\" alt=\"Editada22\" width=\"590\" height=\"333\" \/><\/span><\/span><\/span><\/p>\n<p align=\"LEFT\">Na manh\u00e3 desta sexta, por volta das 09:30h, o Corpo de Bombeiros foi acionado para atender a uma ocorr\u00eancia de inc\u00eandio em um pr\u00e9dio na Avenida Brasil, Bairro Candeias. Quando as duas viaturas chegaram ao local, as chamas j\u00e1 estavam altas e parte da estrutura do apartamento, aparentemente comprometida.<\/p>\n<p align=\"LEFT\">As informa\u00e7\u00f5es que circulavam no local, durante o atendimento dos bombeiros, eram de que um aparelho el\u00e9trico, utilizado em uma das su\u00edtes, provocou um curto circuito que deu in\u00edcio \u00e0s chamas.<\/p>\n<p class=\"western\" align=\"LEFT\"><img decoding=\"async\" loading=\"lazy\" class=\" size-full wp-image-31935 aligncenter\" src=\"http:\/\/blitzconquista.com.br\/new\/wp-content\/uploads\/2015\/01\/Editado25.jpg\" alt=\"Editado25\" width=\"590\" height=\"332\" \/><\/p>\n<p align=\"LEFT\">N\u00e3o houve feridos. Apenas alguns moradores inalaram um pouco de fuma\u00e7a, mas nada t\u00e3o grave.<\/p>\n<p align=\"LEFT\">Antes da chegada dos bombeiros, duas ambul\u00e2ncias do Samu, diversos policiais militares e agentes do Sintans j\u00e1 se encontravam no local .<\/p>\n<p align=\"LEFT\">O intervalo de tempo em que os bombeiros foram acionados e o momento em que come\u00e7aram a debelar o inc\u00eancio n\u00e3o foi demorado \u2013 entre 12 e 15 minutos, apenas. Mas, o questionamento que j\u00e1 se fazia entre alguns profissionais da imprensa no local, foi sobre a presen\u00e7a da unidade com escada magirus.<\/p>\n<p align=\"LEFT\">N\u00e3o parece ter sido imprescind\u00edvel a utiliza\u00e7\u00e3o de um equipamento como este nesta ocorr\u00eancia, mas a necessidade de sua exist\u00eancia, em perfeitas condi\u00e7\u00f5es de uso na nossa cidade, \u00e9 inquestion\u00e1vel. N\u00e3o se pode pensar em uma localidade com tantos pr\u00e9dios altos sem um equipamentos desses.<\/p>\n<figure id=\"attachment_31936\" aria-describedby=\"caption-attachment-31936\" style=\"width: 460px\" class=\"wp-caption aligncenter\"><img decoding=\"async\" loading=\"lazy\" class=\"size-full wp-image-31936\" src=\"http:\/\/blitzconquista.com.br\/new\/wp-content\/uploads\/2015\/01\/Escada-Magirus.jpg\" alt=\"Ilustra\u00e7\u00e3o \/ Escada Magirus\" width=\"460\" height=\"345\" \/><figcaption id=\"caption-attachment-31936\" class=\"wp-caption-text\">Ilustra\u00e7\u00e3o \/ Escada Magirus<\/figcaption><\/figure>\n<p>&nbsp;<\/p>\n","protected":false},"excerpt":{"rendered":"<p>O que se temia, aconteceu! Na manh\u00e3 desta sexta, por volta das 09:30h, o Corpo de Bombeiros foi acionado para atender a uma ocorr\u00eancia de inc\u00eandio em um pr\u00e9dio na Avenida Brasil, Bairro Candeias. Quando as duas viaturas chegaram ao local, as chamas j\u00e1 estavam altas e parte da estrutura do apartamento, aparentemente comprometida. As [&hellip;]<\/p>\n","protected":false},"author":1,"featured_media":31993,"comment_status":"open","ping_status":"closed","sticky":false,"template":"","format":"standard","meta":[],"categories":[3],"tags":[],"_links":{"self":[{"href":"https:\/\/blitzconquista.com.br\/index.php?rest_route=\/wp\/v2\/posts\/31991"}],"collection":[{"href":"https:\/\/blitzconquista.com.br\/index.php?rest_route=\/wp\/v2\/posts"}],"about":[{"href":"https:\/\/blitzconquista.com.br\/index.php?rest_route=\/wp\/v2\/types\/post"}],"author":[{"embeddable":true,"href":"https:\/\/blitzconquista.com.br\/index.php?rest_route=\/wp\/v2\/users\/1"}],"replies":[{"embeddable":true,"href":"https:\/\/blitzconquista.com.br\/index.php?rest_route=%2Fwp%2Fv2%2Fcomments&post=31991"}],"version-history":[{"count":0,"href":"https:\/\/blitzconquista.com.br\/index.php?rest_route=\/wp\/v2\/posts\/31991\/revisions"}],"wp:featuredmedia":[{"embeddable":true,"href":"https:\/\/blitzconquista.com.br\/index.php?rest_route=\/wp\/v2\/media\/31993"}],"wp:attachment":[{"href":"https:\/\/blitzconquista.com.br\/index.php?rest_route=%2Fwp%2Fv2%2Fmedia&parent=31991"}],"wp:term":[{"taxonomy":"category","embeddable":true,"href":"https:\/\/blitzconquista.com.br\/index.php?rest_route=%2Fwp%2Fv2%2Fcategories&post=31991"},{"taxonomy":"post_tag","embeddable":true,"href":"https:\/\/blitzconquista.com.br\/index.php?rest_route=%2Fwp%2Fv2%2Ftags&post=31991"}],"curies":[{"name":"wp","href":"https:\/\/api.w.org\/{rel}","templated":true}]}}