{"id":31999,"date":"2015-01-02T18:28:15","date_gmt":"2015-01-02T21:28:15","guid":{"rendered":"http:\/\/blitzconquista.com.br\/?p=31999"},"modified":"2015-01-02T18:28:46","modified_gmt":"2015-01-02T21:28:46","slug":"governador-rui-costa-define-novo-comandante-geral-da-policia-militar-da-bahia","status":"publish","type":"post","link":"https:\/\/blitzconquista.com.br\/?p=31999","title":{"rendered":"Governador Rui Costa define novo comandante geral da Pol\u00edcia Militar da Bahia"},"content":{"rendered":"<p>O governador da Bahia, Rui Costa, definiu, nesta sexta-feira (2), o coronel Anselmo Alves Brand\u00e3o, de 52 anos, como o novo comandante geral da Pol\u00edcia Militar da Bahia (PM-BA).<\/p>\n<p>Nascido em Juazeiro (BA), Anselmo ingressou na PM h\u00e1 32 anos. No per\u00edodo, foi comandante da Academia de Pol\u00edcia Militar, atuando na forma\u00e7\u00e3o de oficiais; comandante do 18\u00ba Batalh\u00e3o da Pol\u00edcia Militar do Centro Hist\u00f3rico. Coordenou a implanta\u00e7\u00e3o do programa federal Territ\u00f3rio de Paz na 23\u00aa Companhia Tancredo Neves, em Salvador, onde tamb\u00e9m comandou a equipe. Ele comandou ainda a 11\u00aa Companhia Independente da Barra e a 10\u00aa Companhia Independente de Candeias. Por seis anos, assumiu o posto de ajudante de ordem do presidente do Tribunal de Justi\u00e7a. Em 2014, dedicou-se ao trabalho como comandante do Policiamento Regional Atl\u00e2ntico de Salvador.<\/p>\n<p>O secret\u00e1rio de Seguran\u00e7a, Maur\u00edcio Barbosa, destacou a experi\u00eancia de Anselmo no fortalecimento das a\u00e7\u00f5es de policiamento comunit\u00e1rio e de aproxima\u00e7\u00e3o da sociedade com a pol\u00edcia, itens que o novo governador da Bahia quer fortalecer e ampliar.<\/p>\n<p>Ap\u00f3s receber a not\u00edcia, o novo comandante disse que est\u00e1 entusiasmado com a miss\u00e3o: &#8220;Acredito na pol\u00edcia cidad\u00e3 e vamos contar com cada policial militar para garantir a seguran\u00e7a da popula\u00e7\u00e3o da Bahia\u201d.\u00a0A transmiss\u00e3o de cargo do atual comandante, coronel Alfredo Castro, para o coronel Anselmo deve acontecer at\u00e9 a pr\u00f3xima sexta-feira (9).<\/p>\n<p><em>Foto:\u00a0El\u00f3i Corr\u00eaa\/ SECOM<\/em><\/p>\n","protected":false},"excerpt":{"rendered":"<p>O governador da Bahia, Rui Costa, definiu, nesta sexta-feira (2), o coronel Anselmo Alves Brand\u00e3o, de 52 anos, como o novo comandante geral da Pol\u00edcia Militar da Bahia (PM-BA). Nascido em Juazeiro (BA), Anselmo ingressou na PM h\u00e1 32 anos. No per\u00edodo, foi comandante da Academia de Pol\u00edcia Militar, atuando na forma\u00e7\u00e3o de oficiais; comandante [&hellip;]<\/p>\n","protected":false},"author":1,"featured_media":32000,"comment_status":"open","ping_status":"closed","sticky":false,"template":"","format":"standard","meta":[],"categories":[3],"tags":[],"_links":{"self":[{"href":"https:\/\/blitzconquista.com.br\/index.php?rest_route=\/wp\/v2\/posts\/31999"}],"collection":[{"href":"https:\/\/blitzconquista.com.br\/index.php?rest_route=\/wp\/v2\/posts"}],"about":[{"href":"https:\/\/blitzconquista.com.br\/index.php?rest_route=\/wp\/v2\/types\/post"}],"author":[{"embeddable":true,"href":"https:\/\/blitzconquista.com.br\/index.php?rest_route=\/wp\/v2\/users\/1"}],"replies":[{"embeddable":true,"href":"https:\/\/blitzconquista.com.br\/index.php?rest_route=%2Fwp%2Fv2%2Fcomments&post=31999"}],"version-history":[{"count":0,"href":"https:\/\/blitzconquista.com.br\/index.php?rest_route=\/wp\/v2\/posts\/31999\/revisions"}],"wp:featuredmedia":[{"embeddable":true,"href":"https:\/\/blitzconquista.com.br\/index.php?rest_route=\/wp\/v2\/media\/32000"}],"wp:attachment":[{"href":"https:\/\/blitzconquista.com.br\/index.php?rest_route=%2Fwp%2Fv2%2Fmedia&parent=31999"}],"wp:term":[{"taxonomy":"category","embeddable":true,"href":"https:\/\/blitzconquista.com.br\/index.php?rest_route=%2Fwp%2Fv2%2Fcategories&post=31999"},{"taxonomy":"post_tag","embeddable":true,"href":"https:\/\/blitzconquista.com.br\/index.php?rest_route=%2Fwp%2Fv2%2Ftags&post=31999"}],"curies":[{"name":"wp","href":"https:\/\/api.w.org\/{rel}","templated":true}]}}