{"id":32046,"date":"2015-01-05T14:20:55","date_gmt":"2015-01-05T17:20:55","guid":{"rendered":"http:\/\/blitzconquista.com.br\/?p=32046"},"modified":"2015-01-05T14:21:40","modified_gmt":"2015-01-05T17:21:40","slug":"dupla-e-presa-com-carro-e-moto-roubados","status":"publish","type":"post","link":"https:\/\/blitzconquista.com.br\/?p=32046","title":{"rendered":"Dupla \u00e9 presa com carro e moto roubados"},"content":{"rendered":"<p>Policiais da 78\u00aaCipm prenderam na manh\u00e3 desta segunda-feira, 05, dois suspeitos com um carro e uma moto roubados. Os ve\u00edculos foram localizados ap\u00f3s uma pessoa desconfiar do ve\u00edculo no bairro Santa Terezinha e ligar para pol\u00edcia.<\/p>\n<p><img decoding=\"async\" loading=\"lazy\" class=\" size-full wp-image-32048 aligncenter\" src=\"http:\/\/blitzconquista.com.br\/wp-content\/uploads\/2015\/01\/DSC_0195.jpg\" alt=\"DSC_0195\" width=\"680\" height=\"500\" srcset=\"https:\/\/blitzconquista.com.br\/wp-content\/uploads\/2015\/01\/DSC_0195.jpg 680w, https:\/\/blitzconquista.com.br\/wp-content\/uploads\/2015\/01\/DSC_0195-300x221.jpg 300w\" sizes=\"(max-width: 680px) 100vw, 680px\" \/><\/p>\n<p>Quando os militares deslocavam para o local se depararam com o Corolla Prata suspeito e procederam com a abordagem. A bordo estavam Valdir de Jesus e Joilson de Jesus Santos. Durante a averigua\u00e7\u00e3o ficou constatado que o carro era roubado e a placa que o mesmo ostentava pertencia a outro autom\u00f3vel.<\/p>\n<p><img decoding=\"async\" loading=\"lazy\" class=\" size-full wp-image-32047 aligncenter\" src=\"http:\/\/blitzconquista.com.br\/wp-content\/uploads\/2015\/01\/DSC_0193.jpg\" alt=\"DSC_0193\" width=\"680\" height=\"500\" srcset=\"https:\/\/blitzconquista.com.br\/wp-content\/uploads\/2015\/01\/DSC_0193.jpg 680w, https:\/\/blitzconquista.com.br\/wp-content\/uploads\/2015\/01\/DSC_0193-300x221.jpg 300w\" sizes=\"(max-width: 680px) 100vw, 680px\" \/><br \/>\nA pol\u00edcia ainda foi at\u00e9 a resid\u00eancia de um dos suspeitos, onde encontraram uma motocicleta roubada e outros objetos.<br \/>\nValdir e Joilson foram apresentados na delegacia.<\/p>\n","protected":false},"excerpt":{"rendered":"<p>Policiais da 78\u00aaCipm prenderam na manh\u00e3 desta segunda-feira, 05, dois suspeitos com um carro e uma moto roubados. Os ve\u00edculos foram localizados ap\u00f3s uma pessoa desconfiar do ve\u00edculo no bairro Santa Terezinha e ligar para pol\u00edcia. Quando os militares deslocavam para o local se depararam com o Corolla Prata suspeito e procederam com a abordagem. [&hellip;]<\/p>\n","protected":false},"author":1,"featured_media":32049,"comment_status":"open","ping_status":"closed","sticky":false,"template":"","format":"standard","meta":[],"categories":[3],"tags":[],"_links":{"self":[{"href":"https:\/\/blitzconquista.com.br\/index.php?rest_route=\/wp\/v2\/posts\/32046"}],"collection":[{"href":"https:\/\/blitzconquista.com.br\/index.php?rest_route=\/wp\/v2\/posts"}],"about":[{"href":"https:\/\/blitzconquista.com.br\/index.php?rest_route=\/wp\/v2\/types\/post"}],"author":[{"embeddable":true,"href":"https:\/\/blitzconquista.com.br\/index.php?rest_route=\/wp\/v2\/users\/1"}],"replies":[{"embeddable":true,"href":"https:\/\/blitzconquista.com.br\/index.php?rest_route=%2Fwp%2Fv2%2Fcomments&post=32046"}],"version-history":[{"count":0,"href":"https:\/\/blitzconquista.com.br\/index.php?rest_route=\/wp\/v2\/posts\/32046\/revisions"}],"wp:featuredmedia":[{"embeddable":true,"href":"https:\/\/blitzconquista.com.br\/index.php?rest_route=\/wp\/v2\/media\/32049"}],"wp:attachment":[{"href":"https:\/\/blitzconquista.com.br\/index.php?rest_route=%2Fwp%2Fv2%2Fmedia&parent=32046"}],"wp:term":[{"taxonomy":"category","embeddable":true,"href":"https:\/\/blitzconquista.com.br\/index.php?rest_route=%2Fwp%2Fv2%2Fcategories&post=32046"},{"taxonomy":"post_tag","embeddable":true,"href":"https:\/\/blitzconquista.com.br\/index.php?rest_route=%2Fwp%2Fv2%2Ftags&post=32046"}],"curies":[{"name":"wp","href":"https:\/\/api.w.org\/{rel}","templated":true}]}}