{"id":32068,"date":"2015-01-05T17:45:21","date_gmt":"2015-01-05T20:45:21","guid":{"rendered":"http:\/\/blitzconquista.com.br\/?p=32068"},"modified":"2015-01-05T17:48:26","modified_gmt":"2015-01-05T20:48:26","slug":"beltrame-exonera-coronel-da-pm-acusado-de-incitar-violencia-contra-manifestantes","status":"publish","type":"post","link":"https:\/\/blitzconquista.com.br\/?p=32068","title":{"rendered":"Beltrame exonera coronel da PM acusado de incitar viol\u00eancia contra manifestantes"},"content":{"rendered":"<p>O comandante do Batalh\u00e3o de Choque da Pol\u00edcia Militar fluminense, coronel F\u00e1bio Almeida de Souza, foi exonerado ap\u00f3s reportagem da revista <em>Veja<\/em> mostrar que ele \u00e9 suspeito de incitar a viol\u00eancia contra manifestantes. De acordo com a reportagem, em trocas de mensagens por celular com outros oficiais, o coronel defendeu, durante os protestos de 2013 e 2014, o uso de armas letais contra manifestantes.<\/p>\n<p>A exonera\u00e7\u00e3o do cargo, que ele tinha reassumido em novembro de 2014, depois de deixar o comando da unidade em agosto de 2013, foi pedida do secret\u00e1rio estadual de Seguran\u00e7a, Jos\u00e9 Mariano Beltrame.<\/p>\n<p>Segundo Beltrame, as informa\u00e7\u00f5es sobre as mensagens enviadas pelo coronel estavam anexadas em inqu\u00e9rito que investiga um atentado contra o pr\u00e9dio do tenente-coronel M\u00e1rcio Rocha, que substituiu Souza no comando do Batalh\u00e3o de Choque, em agosto de 2013.<\/p>\n<p>Al\u00e9m de pedir a exonera\u00e7\u00e3o do oficial, o secret\u00e1rio de Seguran\u00e7a determinou a abertura de inqu\u00e9rito espec\u00edfico para investigar as supostas mensagens enviadas pelo coronel F\u00e1bio Almeida de Souza para outros oficiais.<\/p>\n<p>\u201cQuando soube da not\u00edcia, consultei o inqu\u00e9rito para ver se isso efetivamente existia. Exonerei o coronel F\u00e1bio e o deixei sem fun\u00e7\u00e3o. Fiquei horrorizado com o que consta no inqu\u00e9rito. Ser\u00e1 aberto um procedimento disciplinar para que o coronel F\u00e1bio esclare\u00e7a a situa\u00e7\u00e3o e possamos fazer a devida puni\u00e7\u00e3o\u201d, disse Beltrame.<\/p>\n<p>Chefe do Comando de Opera\u00e7\u00f5es Especiais (COE), o coronel Wilman Rene Gon\u00e7alves Alonso\u00a0assumir\u00e1 interinamente. O Batalh\u00e3o de Choque e o Batalh\u00e3o de Policiamento de Grandes Eventos foram respons\u00e1veis pelo controle das manifesta\u00e7\u00f5es iniciadas em junho de 2013. Em entrevista durante cerim\u00f4nia de posse do secretariado estadual, Beltrame acrescentou que a instala\u00e7\u00e3o de uma Unidade de Pol\u00edcia Pacificadora (UPP) no Complexo da Mar\u00e9 n\u00e3o encerrar\u00e1 o processo de expans\u00e3o das UPPs no estado.<\/p>\n<p><img decoding=\"async\" loading=\"lazy\" class=\"alignnone size-full wp-image-32052\" src=\"http:\/\/blitzconquista.com.br\/wp-content\/uploads\/2015\/01\/agencia_brasil_logo.png\" alt=\"agencia_brasil_logo\" width=\"130\" height=\"27\" \/><\/p>\n","protected":false},"excerpt":{"rendered":"<p>O comandante do Batalh\u00e3o de Choque da Pol\u00edcia Militar fluminense, coronel F\u00e1bio Almeida de Souza, foi exonerado ap\u00f3s reportagem da revista Veja mostrar que ele \u00e9 suspeito de incitar a viol\u00eancia contra manifestantes. De acordo com a reportagem, em trocas de mensagens por celular com outros oficiais, o coronel defendeu, durante os protestos de 2013 [&hellip;]<\/p>\n","protected":false},"author":1,"featured_media":32069,"comment_status":"open","ping_status":"closed","sticky":false,"template":"","format":"standard","meta":[],"categories":[5],"tags":[],"_links":{"self":[{"href":"https:\/\/blitzconquista.com.br\/index.php?rest_route=\/wp\/v2\/posts\/32068"}],"collection":[{"href":"https:\/\/blitzconquista.com.br\/index.php?rest_route=\/wp\/v2\/posts"}],"about":[{"href":"https:\/\/blitzconquista.com.br\/index.php?rest_route=\/wp\/v2\/types\/post"}],"author":[{"embeddable":true,"href":"https:\/\/blitzconquista.com.br\/index.php?rest_route=\/wp\/v2\/users\/1"}],"replies":[{"embeddable":true,"href":"https:\/\/blitzconquista.com.br\/index.php?rest_route=%2Fwp%2Fv2%2Fcomments&post=32068"}],"version-history":[{"count":0,"href":"https:\/\/blitzconquista.com.br\/index.php?rest_route=\/wp\/v2\/posts\/32068\/revisions"}],"wp:featuredmedia":[{"embeddable":true,"href":"https:\/\/blitzconquista.com.br\/index.php?rest_route=\/wp\/v2\/media\/32069"}],"wp:attachment":[{"href":"https:\/\/blitzconquista.com.br\/index.php?rest_route=%2Fwp%2Fv2%2Fmedia&parent=32068"}],"wp:term":[{"taxonomy":"category","embeddable":true,"href":"https:\/\/blitzconquista.com.br\/index.php?rest_route=%2Fwp%2Fv2%2Fcategories&post=32068"},{"taxonomy":"post_tag","embeddable":true,"href":"https:\/\/blitzconquista.com.br\/index.php?rest_route=%2Fwp%2Fv2%2Ftags&post=32068"}],"curies":[{"name":"wp","href":"https:\/\/api.w.org\/{rel}","templated":true}]}}