{"id":32112,"date":"2015-01-06T13:21:18","date_gmt":"2015-01-06T16:21:18","guid":{"rendered":"http:\/\/blitzconquista.com.br\/?p=32112"},"modified":"2015-01-06T13:21:18","modified_gmt":"2015-01-06T16:21:18","slug":"caminhao-pega-fogo-no-bairro-sao-vicente","status":"publish","type":"post","link":"https:\/\/blitzconquista.com.br\/?p=32112","title":{"rendered":"Caminh\u00e3o pega fogo no bairro S\u00e3o Vicente"},"content":{"rendered":"<p>Na madrugada desta ter\u00e7a-feira, 06, um caminh\u00e3o pegou fogo em um terreno localizado na Rua Francisco Braga, bairro S\u00e3o Vicente.<\/p>\n<p><img decoding=\"async\" loading=\"lazy\" class=\" size-full wp-image-32116 aligncenter\" src=\"http:\/\/blitzconquista.com.br\/wp-content\/uploads\/2015\/01\/incendio-caminh\u00e3o-cofermac-4.jpg\" alt=\"incendio caminh\u00e3o cofermac (4)\" width=\"680\" height=\"500\" srcset=\"https:\/\/blitzconquista.com.br\/wp-content\/uploads\/2015\/01\/incendio-caminh\u00e3o-cofermac-4.jpg 680w, https:\/\/blitzconquista.com.br\/wp-content\/uploads\/2015\/01\/incendio-caminh\u00e3o-cofermac-4-300x221.jpg 300w\" sizes=\"(max-width: 680px) 100vw, 680px\" \/><\/p>\n<p>A pol\u00edcia foi acionada por taxistas que viram a fuma\u00e7a no local. Ao constatarem que se tratava de um inc\u00eandio a guarni\u00e7\u00e3o do Peto 77Cipm acionou os bombeiros que combateram as chamas.<\/p>\n<p><img decoding=\"async\" loading=\"lazy\" class=\" size-full wp-image-32115 aligncenter\" src=\"http:\/\/blitzconquista.com.br\/wp-content\/uploads\/2015\/01\/incendio-caminh\u00e3o-cofermac-3.jpg\" alt=\"incendio caminh\u00e3o cofermac (3)\" width=\"680\" height=\"500\" srcset=\"https:\/\/blitzconquista.com.br\/wp-content\/uploads\/2015\/01\/incendio-caminh\u00e3o-cofermac-3.jpg 680w, https:\/\/blitzconquista.com.br\/wp-content\/uploads\/2015\/01\/incendio-caminh\u00e3o-cofermac-3-300x221.jpg 300w\" sizes=\"(max-width: 680px) 100vw, 680px\" \/><\/p>\n<p>A cabine do ve\u00edculo ficou completamente queimada. As causas do inc\u00eandio s\u00e3o desconhecidas.<\/p>\n","protected":false},"excerpt":{"rendered":"<p>Na madrugada desta ter\u00e7a-feira, 06, um caminh\u00e3o pegou fogo em um terreno localizado na Rua Francisco Braga, bairro S\u00e3o Vicente. A pol\u00edcia foi acionada por taxistas que viram a fuma\u00e7a no local. Ao constatarem que se tratava de um inc\u00eandio a guarni\u00e7\u00e3o do Peto 77Cipm acionou os bombeiros que combateram as chamas. A cabine do [&hellip;]<\/p>\n","protected":false},"author":1,"featured_media":32113,"comment_status":"open","ping_status":"closed","sticky":false,"template":"","format":"standard","meta":[],"categories":[3],"tags":[],"_links":{"self":[{"href":"https:\/\/blitzconquista.com.br\/index.php?rest_route=\/wp\/v2\/posts\/32112"}],"collection":[{"href":"https:\/\/blitzconquista.com.br\/index.php?rest_route=\/wp\/v2\/posts"}],"about":[{"href":"https:\/\/blitzconquista.com.br\/index.php?rest_route=\/wp\/v2\/types\/post"}],"author":[{"embeddable":true,"href":"https:\/\/blitzconquista.com.br\/index.php?rest_route=\/wp\/v2\/users\/1"}],"replies":[{"embeddable":true,"href":"https:\/\/blitzconquista.com.br\/index.php?rest_route=%2Fwp%2Fv2%2Fcomments&post=32112"}],"version-history":[{"count":0,"href":"https:\/\/blitzconquista.com.br\/index.php?rest_route=\/wp\/v2\/posts\/32112\/revisions"}],"wp:featuredmedia":[{"embeddable":true,"href":"https:\/\/blitzconquista.com.br\/index.php?rest_route=\/wp\/v2\/media\/32113"}],"wp:attachment":[{"href":"https:\/\/blitzconquista.com.br\/index.php?rest_route=%2Fwp%2Fv2%2Fmedia&parent=32112"}],"wp:term":[{"taxonomy":"category","embeddable":true,"href":"https:\/\/blitzconquista.com.br\/index.php?rest_route=%2Fwp%2Fv2%2Fcategories&post=32112"},{"taxonomy":"post_tag","embeddable":true,"href":"https:\/\/blitzconquista.com.br\/index.php?rest_route=%2Fwp%2Fv2%2Ftags&post=32112"}],"curies":[{"name":"wp","href":"https:\/\/api.w.org\/{rel}","templated":true}]}}