{"id":32118,"date":"2015-01-06T13:33:36","date_gmt":"2015-01-06T16:33:36","guid":{"rendered":"http:\/\/blitzconquista.com.br\/?p=32118"},"modified":"2015-01-07T11:17:32","modified_gmt":"2015-01-07T14:17:32","slug":"policial-da-reserva-morre-apos-mal-subito","status":"publish","type":"post","link":"https:\/\/blitzconquista.com.br\/?p=32118","title":{"rendered":"Policial da reserva morre; suspeita \u00e9 de mal s\u00fabito"},"content":{"rendered":"<p><strong>Ap\u00f3s realiza\u00e7\u00e3o da aut\u00f3psia ficou constatado que o sargento da reserva morreu por conta de uma hemorragia interna, provavelmente provocada na queda da v\u00edtima.<\/strong><\/p>\n<p>O Sargento da Reserva, Edmundo Nunes, 54 anos, morreu na manh\u00e3 desta ter\u00e7a-feira, 06, enquanto pedalava na zona rural de Vit\u00f3ria da Conquista.<\/p>\n<p><img decoding=\"async\" loading=\"lazy\" class=\" size-full wp-image-32120 aligncenter\" src=\"http:\/\/blitzconquista.com.br\/wp-content\/uploads\/2015\/01\/morte-edmundo-nunes-3.jpg\" alt=\"morte edmundo nunes (3)\" width=\"680\" height=\"500\" srcset=\"https:\/\/blitzconquista.com.br\/wp-content\/uploads\/2015\/01\/morte-edmundo-nunes-3.jpg 680w, https:\/\/blitzconquista.com.br\/wp-content\/uploads\/2015\/01\/morte-edmundo-nunes-3-300x221.jpg 300w\" sizes=\"(max-width: 680px) 100vw, 680px\" \/><\/p>\n<p>Edmundo fazia trilha quando teve um mal s\u00fabito, nas proximidades da mineradora Bentonita, e acabou morrendo. O Samu 192 esteve no local, mas o militar j\u00e1 n\u00e3o apresentava sinais vitais.<\/p>\n<p><img decoding=\"async\" loading=\"lazy\" class=\" size-full wp-image-32121 aligncenter\" src=\"http:\/\/blitzconquista.com.br\/wp-content\/uploads\/2015\/01\/morte-edmundo-nunes-1.jpg\" alt=\"morte edmundo nunes (1)\" width=\"680\" height=\"500\" srcset=\"https:\/\/blitzconquista.com.br\/wp-content\/uploads\/2015\/01\/morte-edmundo-nunes-1.jpg 680w, https:\/\/blitzconquista.com.br\/wp-content\/uploads\/2015\/01\/morte-edmundo-nunes-1-300x221.jpg 300w\" sizes=\"(max-width: 680px) 100vw, 680px\" \/><\/p>\n<p>O corpo foi levado para o Instituto M\u00e9dico Legal e posteriormente retirado pelos familiares para realiza\u00e7\u00e3o do vel\u00f3rio.<\/p>\n<p>Ap\u00f3s realiza\u00e7\u00e3o da aut\u00f3psia ficou constatado que o sargento da reserva morreu por conta de uma hemorragia interna, provavelmente provocada na queda da v\u00edtima.<\/p>\n","protected":false},"excerpt":{"rendered":"<p>Ap\u00f3s realiza\u00e7\u00e3o da aut\u00f3psia ficou constatado que o sargento da reserva morreu por conta de uma hemorragia interna, provavelmente provocada na queda da v\u00edtima. O Sargento da Reserva, Edmundo Nunes, 54 anos, morreu na manh\u00e3 desta ter\u00e7a-feira, 06, enquanto pedalava na zona rural de Vit\u00f3ria da Conquista. Edmundo fazia trilha quando teve um mal s\u00fabito, [&hellip;]<\/p>\n","protected":false},"author":1,"featured_media":32119,"comment_status":"open","ping_status":"closed","sticky":false,"template":"","format":"standard","meta":[],"categories":[3],"tags":[],"_links":{"self":[{"href":"https:\/\/blitzconquista.com.br\/index.php?rest_route=\/wp\/v2\/posts\/32118"}],"collection":[{"href":"https:\/\/blitzconquista.com.br\/index.php?rest_route=\/wp\/v2\/posts"}],"about":[{"href":"https:\/\/blitzconquista.com.br\/index.php?rest_route=\/wp\/v2\/types\/post"}],"author":[{"embeddable":true,"href":"https:\/\/blitzconquista.com.br\/index.php?rest_route=\/wp\/v2\/users\/1"}],"replies":[{"embeddable":true,"href":"https:\/\/blitzconquista.com.br\/index.php?rest_route=%2Fwp%2Fv2%2Fcomments&post=32118"}],"version-history":[{"count":0,"href":"https:\/\/blitzconquista.com.br\/index.php?rest_route=\/wp\/v2\/posts\/32118\/revisions"}],"wp:featuredmedia":[{"embeddable":true,"href":"https:\/\/blitzconquista.com.br\/index.php?rest_route=\/wp\/v2\/media\/32119"}],"wp:attachment":[{"href":"https:\/\/blitzconquista.com.br\/index.php?rest_route=%2Fwp%2Fv2%2Fmedia&parent=32118"}],"wp:term":[{"taxonomy":"category","embeddable":true,"href":"https:\/\/blitzconquista.com.br\/index.php?rest_route=%2Fwp%2Fv2%2Fcategories&post=32118"},{"taxonomy":"post_tag","embeddable":true,"href":"https:\/\/blitzconquista.com.br\/index.php?rest_route=%2Fwp%2Fv2%2Ftags&post=32118"}],"curies":[{"name":"wp","href":"https:\/\/api.w.org\/{rel}","templated":true}]}}