{"id":32127,"date":"2015-01-06T13:47:45","date_gmt":"2015-01-06T16:47:45","guid":{"rendered":"http:\/\/blitzconquista.com.br\/?p=32127"},"modified":"2015-01-06T13:47:45","modified_gmt":"2015-01-06T16:47:45","slug":"confianca-do-comercio-fecha-2014-em-queda-historica-avalia-cnc","status":"publish","type":"post","link":"https:\/\/blitzconquista.com.br\/?p=32127","title":{"rendered":"Confian\u00e7a do com\u00e9rcio fecha 2014 em queda hist\u00f3rica, avalia CNC"},"content":{"rendered":"<p>O \u00cdndice de Confian\u00e7a dos Empres\u00e1rios do Com\u00e9rcio (Icec) fechou 2014 com queda de 13,4% na compara\u00e7\u00e3o com dezembro de 2013, o maior recuo anual do indicador em toda a s\u00e9rie hist\u00f3rica iniciada em mar\u00e7o de 2011.<\/p>\n<p>Leia mais:<\/p>\n<p>Micro e pequenas empresas t\u00eam at\u00e9 o dia 30 para aderir ao Simples Nacional<\/p>\n<p>Os dados do \u00edndice foram divulgados hoje (06), pela Confedera\u00e7\u00e3o Nacional do Com\u00e9rcio de Bens, Servi\u00e7os e Turismo (CNC), e indicam que, na compara\u00e7\u00e3o mensal (novembro de 2014) o Icec apresentou queda de 2,5%, a quarta queda seguida e a maior desde fevereiro de 2014.<\/p>\n<p>Para o economista Fabio Bentes, \u201ca estagna\u00e7\u00e3o da economia e o menor crescimento das vendas nos \u00faltimos 11 anos foram os principais respons\u00e1veis pela perda de confian\u00e7a por parte dos empres\u00e1rios do com\u00e9rcio\u201d.<\/p>\n<p>Segundo o economista da entidade, desde 2003 o com\u00e9rcio n\u00e3o tem um desempenho t\u00e3o fraco. \u201cDadas a trajet\u00f3ria recente do \u00edndice e a aus\u00eancia de sinais claros de recupera\u00e7\u00e3o dos fatores de sustentabilidade das vendas do setor, o ano de 2015 dever\u00e1 impor novos desafios \u00e0 retomada da confian\u00e7a por parte dos empres\u00e1rios\u201d, disse, em entrevista \u00e0 Ag\u00eancia Brasil.<\/p>\n<p>Para o economista, houve \u201cuma grande decep\u00e7\u00e3o do com\u00e9rcio\u201d com o desempenho das vendas no ano passado. \u201cN\u00f3s j\u00e1 esper\u00e1vamos um ano ruim, mas n\u00e3o que o com\u00e9rcio tivesse o seu pior desempenho dos \u00faltimos 11 anos. Em 2014, as vendas do com\u00e9rcio varejista crescer\u00e3o entre 2,5% e 3%, uma vez que os dados do Instituto Brasileiro de Geografia e Estat\u00edstica (IBGE) indicam expans\u00e3o de 2,5% de janeiro a outubro, podendo fechar em torno de 3% com os resultados de novembro e dezembro\u201d.<\/p>\n<p>Ent\u00e3o, disse o economista, o ano de 2014, descontada a infla\u00e7\u00e3o, \u201cfoi o pior em faturamento real de toda a s\u00e9rie hist\u00f3ria. E o ano de 2013 j\u00e1 havia sido um ano fraco, com crescimento de 4,3%. Ent\u00e3o, 2014 foi o pior ano do varejo desde 2003\u201d. Bentes disse que a CNC trabalha com expectativa de crescimento de 3,6% nas vendas reais em 2015.<\/p>\n<p>A pesquisa da CNC indica que na opini\u00e3o de tr\u00eas em cada quatro empres\u00e1rios do com\u00e9rcio, \u00e9 de que a economia est\u00e1 pior do que h\u00e1 um ano. O sub\u00edndice que mede as condi\u00e7\u00f5es atuais teve seu pior n\u00edvel (76,6 pontos) desde o in\u00edcio da pesquisa, no comparativo mensal o recuou foi 6,7%.<\/p>\n<p>Segundo a entidade, a cont\u00ednua desacelera\u00e7\u00e3o do com\u00e9rcio levou os empres\u00e1rios a reavaliar os investimentos para os pr\u00f3ximos meses, com o sub\u00edndice de Investimentos do Empres\u00e1rio do Com\u00e9rcio recuando 10,3% na compara\u00e7\u00e3o anual e 1,5% na compara\u00e7\u00e3o mensal.<\/p>\n<p>\u201cA queda na inten\u00e7\u00e3o de investimentos em m\u00e1quinas e equipamentos esbarra n\u00e3o somente no ritmo mais fraco das vendas como, tamb\u00e9m, no custo mais elevado de capta\u00e7\u00e3o de recursos por parte das empresas\u201d, avaliou o economista da confedera\u00e7\u00e3o.<\/p>\n<p><img decoding=\"async\" loading=\"lazy\" class=\"alignnone size-full wp-image-32052\" src=\"http:\/\/blitzconquista.com.br\/wp-content\/uploads\/2015\/01\/agencia_brasil_logo.png\" alt=\"agencia_brasil_logo\" width=\"130\" height=\"27\" \/><\/p>\n","protected":false},"excerpt":{"rendered":"<p>O \u00cdndice de Confian\u00e7a dos Empres\u00e1rios do Com\u00e9rcio (Icec) fechou 2014 com queda de 13,4% na compara\u00e7\u00e3o com dezembro de 2013, o maior recuo anual do indicador em toda a s\u00e9rie hist\u00f3rica iniciada em mar\u00e7o de 2011. Leia mais: Micro e pequenas empresas t\u00eam at\u00e9 o dia 30 para aderir ao Simples Nacional Os dados [&hellip;]<\/p>\n","protected":false},"author":1,"featured_media":0,"comment_status":"open","ping_status":"closed","sticky":false,"template":"","format":"standard","meta":[],"categories":[4],"tags":[],"_links":{"self":[{"href":"https:\/\/blitzconquista.com.br\/index.php?rest_route=\/wp\/v2\/posts\/32127"}],"collection":[{"href":"https:\/\/blitzconquista.com.br\/index.php?rest_route=\/wp\/v2\/posts"}],"about":[{"href":"https:\/\/blitzconquista.com.br\/index.php?rest_route=\/wp\/v2\/types\/post"}],"author":[{"embeddable":true,"href":"https:\/\/blitzconquista.com.br\/index.php?rest_route=\/wp\/v2\/users\/1"}],"replies":[{"embeddable":true,"href":"https:\/\/blitzconquista.com.br\/index.php?rest_route=%2Fwp%2Fv2%2Fcomments&post=32127"}],"version-history":[{"count":0,"href":"https:\/\/blitzconquista.com.br\/index.php?rest_route=\/wp\/v2\/posts\/32127\/revisions"}],"wp:attachment":[{"href":"https:\/\/blitzconquista.com.br\/index.php?rest_route=%2Fwp%2Fv2%2Fmedia&parent=32127"}],"wp:term":[{"taxonomy":"category","embeddable":true,"href":"https:\/\/blitzconquista.com.br\/index.php?rest_route=%2Fwp%2Fv2%2Fcategories&post=32127"},{"taxonomy":"post_tag","embeddable":true,"href":"https:\/\/blitzconquista.com.br\/index.php?rest_route=%2Fwp%2Fv2%2Ftags&post=32127"}],"curies":[{"name":"wp","href":"https:\/\/api.w.org\/{rel}","templated":true}]}}