{"id":32162,"date":"2015-01-07T00:16:57","date_gmt":"2015-01-07T03:16:57","guid":{"rendered":"http:\/\/blitzconquista.com.br\/?p=32162"},"modified":"2015-01-07T00:37:29","modified_gmt":"2015-01-07T03:37:29","slug":"prefeitura-implanta-semaforo-entre-a-avenida-cuiaba-e-a-rua-santos-dumont","status":"publish","type":"post","link":"https:\/\/blitzconquista.com.br\/?p=32162","title":{"rendered":"Prefeitura implanta sem\u00e1foro entre a Avenida Cuiab\u00e1 e a Rua Santos Dumont"},"content":{"rendered":"<div id=\"stcpDiv\">\n<p>Garantir a seguran\u00e7a e a fluidez do tr\u00e2nsito \u00e9 um dos principais pontos que recebe a aten\u00e7\u00e3o do Governo Municipal no que se refere \u00e0 mobilidade urbana. Prova disso s\u00e3o os constantes investimentos, mudan\u00e7as e adapta\u00e7\u00f5es realizadas nas vias da cidade.<\/p>\n<p>Na manh\u00e3 desta ter\u00e7a-feira, 6, uma equipe da Prefeitura deu in\u00edcio \u00e0s obras de adequa\u00e7\u00e3o no canteiro central da Avenida Cuiab\u00e1 com o objetivo de, posteriormente, ser implantado um sem\u00e1foro no local que far\u00e1 liga\u00e7\u00e3o com a Avenida Fernando Sp\u00ednola e com a Rua Santos Dumont. \u00a0As mudan\u00e7as no tr\u00e2nsito do local est\u00e3o previstas para serem implantadas at\u00e9 o final deste m\u00eas.<\/p>\n<p>\u201cAp\u00f3s uma s\u00e9rie de estudos e di\u00e1logo com moradores e comerciantes da localidade, foi constatada a necessidade da sinaliza\u00e7\u00e3o por meio do sem\u00e1foro. Sem d\u00favidas, a obra vai melhorar a fluidez, a seguran\u00e7a e o tr\u00e1fego na regi\u00e3o\u201d, afirmou o secret\u00e1rio de Mobilidade Urbana, Luis Alberto Sellmann.<\/p>\n<p>A instala\u00e7\u00e3o do novo equipamento faz parte de um conjunto de interven\u00e7\u00f5es que o Governo Municipal est\u00e1 realizando no tr\u00e2nsito do munic\u00edpio, a exemplo da implanta\u00e7\u00e3o de um sem\u00e1foro na Avenida Lu\u00eds Eduardo Magalh\u00e3es, nas proximidades do Est\u00e1dio Lomanto J\u00fanior (Lomant\u00e3o). *Secom<\/p>\n<\/div>\n","protected":false},"excerpt":{"rendered":"<p>Garantir a seguran\u00e7a e a fluidez do tr\u00e2nsito \u00e9 um dos principais pontos que recebe a aten\u00e7\u00e3o do Governo Municipal no que se refere \u00e0 mobilidade urbana. Prova disso s\u00e3o os constantes investimentos, mudan\u00e7as e adapta\u00e7\u00f5es realizadas nas vias da cidade. Na manh\u00e3 desta ter\u00e7a-feira, 6, uma equipe da Prefeitura deu in\u00edcio \u00e0s obras de [&hellip;]<\/p>\n","protected":false},"author":1,"featured_media":32163,"comment_status":"open","ping_status":"closed","sticky":false,"template":"","format":"standard","meta":[],"categories":[7],"tags":[],"_links":{"self":[{"href":"https:\/\/blitzconquista.com.br\/index.php?rest_route=\/wp\/v2\/posts\/32162"}],"collection":[{"href":"https:\/\/blitzconquista.com.br\/index.php?rest_route=\/wp\/v2\/posts"}],"about":[{"href":"https:\/\/blitzconquista.com.br\/index.php?rest_route=\/wp\/v2\/types\/post"}],"author":[{"embeddable":true,"href":"https:\/\/blitzconquista.com.br\/index.php?rest_route=\/wp\/v2\/users\/1"}],"replies":[{"embeddable":true,"href":"https:\/\/blitzconquista.com.br\/index.php?rest_route=%2Fwp%2Fv2%2Fcomments&post=32162"}],"version-history":[{"count":0,"href":"https:\/\/blitzconquista.com.br\/index.php?rest_route=\/wp\/v2\/posts\/32162\/revisions"}],"wp:featuredmedia":[{"embeddable":true,"href":"https:\/\/blitzconquista.com.br\/index.php?rest_route=\/wp\/v2\/media\/32163"}],"wp:attachment":[{"href":"https:\/\/blitzconquista.com.br\/index.php?rest_route=%2Fwp%2Fv2%2Fmedia&parent=32162"}],"wp:term":[{"taxonomy":"category","embeddable":true,"href":"https:\/\/blitzconquista.com.br\/index.php?rest_route=%2Fwp%2Fv2%2Fcategories&post=32162"},{"taxonomy":"post_tag","embeddable":true,"href":"https:\/\/blitzconquista.com.br\/index.php?rest_route=%2Fwp%2Fv2%2Ftags&post=32162"}],"curies":[{"name":"wp","href":"https:\/\/api.w.org\/{rel}","templated":true}]}}