{"id":32171,"date":"2015-01-07T00:25:58","date_gmt":"2015-01-07T03:25:58","guid":{"rendered":"http:\/\/blitzconquista.com.br\/?p=32171"},"modified":"2015-01-07T00:54:55","modified_gmt":"2015-01-07T03:54:55","slug":"piso-dos-professores-e-reajustado-em-1301-e-passa-para-r-1-91778","status":"publish","type":"post","link":"https:\/\/blitzconquista.com.br\/?p=32171","title":{"rendered":"Piso dos professores \u00e9 reajustado em 13,01% e passa para R$ 1.917,78"},"content":{"rendered":"<p>O Minist\u00e9rio da Educa\u00e7\u00e3o (MEC) divulgou h\u00e1 pouco que o piso salarial do magist\u00e9rio ter\u00e1 aumento de 13,01%. Com o reajuste, o sal\u00e1rio inicial passar\u00e1 para R$ 1.917,78 a partir deste m\u00eas. O c\u00e1lculo est\u00e1 previsto na Lei do Piso (Lei 11.738\/2008), que vincula o aumento ao percentual de crescimento do valor anual m\u00ednimo por aluno, referente aos anos iniciais do ensino fundamental urbano.<\/p>\n<p>O novo montante \u00e9 relativo ao sal\u00e1rio inicial dos professores de escola p\u00fablica, com forma\u00e7\u00e3o de n\u00edvel m\u00e9dio e jornada de trabalho de 40 horas semanais.<\/p>\n<p>Segundo o MEC, nos \u00faltimos dias o ministro da Educa\u00e7\u00e3o, Cid Gomes, reuniu-se com representantes do Conselho Nacional de Secret\u00e1rios de Educa\u00e7\u00e3o (Consed), da Uni\u00e3o Nacional dos Dirigentes Municipais de Educa\u00e7\u00e3o (Undime) e da Confedera\u00e7\u00e3o Nacional dos Trabalhadores em Educa\u00e7\u00e3o (CNTE).<\/p>\n<p>De acordo com a lei, a corre\u00e7\u00e3o do piso reflete a varia\u00e7\u00e3o ocorrida no valor anual m\u00ednimo por aluno, definido nacionalmente pelo Fundo de Manuten\u00e7\u00e3o e Desenvolvimento da Educa\u00e7\u00e3o B\u00e1sica e de Valoriza\u00e7\u00e3o dos Profissionais da Educa\u00e7\u00e3o (Fundeb).<\/p>\n<p>O piso salarial subiu de R$ 950, em 2009, para R$ 1.024,67, em 2010, e R$ 1.187,14, em 2011, conforme n\u00fameros inclu\u00eddos no <em>site<\/em> do MEC. Em 2012, o valor vigente era R$ 1.451. Em 2013, passou para R$ 1.567 e em 2014 foi reajustado para R$ 1.697. O maior reajuste foi registrado em 2012, com 22,22%.<\/p>\n<p>Para Roberto Le\u00e3o, presidente da CNTE, o reajuste cumpre a lei, embora ainda n\u00e3o seja o &#8220;que consideramos melhor para os trabalhadores&#8221;. Segundo ele, a Lei do Piso \u00e9 &#8220;importat\u00edssima para o cumprimento do PNE [Plano Nacional de Educa\u00e7\u00e3o]&#8221;. Uma das metas previstas no plano estabelece prazo de seis anos para equipara\u00e7\u00e3o do sal\u00e1rio dos professores ao dos demais profissionais com escolaridade equivalente. Conforme Le\u00e3o, o rendimento m\u00e9dio dos docentes representa aproximadamente 60% dos sal\u00e1rios m\u00e9dios dos demais profissionais.<\/p>\n<p>Para a Confedera\u00e7\u00e3o Nacional de Munic\u00edpios (CNM), o aumento, que tem sido praticado acima da infla\u00e7\u00e3o, representar\u00e1 custo maior com a folha e menos investimentos em reformas e infraestrutura das escolas, al\u00e9m de outros itens fundamentais \u00e0 qualidade do ensino.<\/p>\n<p>&#8220;Com certeza, teremos munic\u00edpios e estados com dificuldade&#8221;, disse Cleuza Repulho, presidenta da Uni\u00e3o Nacional dos Dirigentes Municipais de Educa\u00e7\u00e3o (Undime). &#8220;Precisaremos da regulmenta\u00e7\u00e3o dos <em>royalties<\/em> do petr\u00f3leo e do PNE em funcionamento para garantir novos recusos. A arrecada\u00e7\u00e3o dos estados e munic\u00edp\u00edos foi menor que a esperada&#8221;, acrescentou.<\/p>\n<p>Segundo ela, a entidade voltar\u00e1 a se reunir com o ministro at\u00e9 o fim do m\u00eas para cobrar maior participa\u00e7\u00e3o da Uni\u00e3o nos gastos dos entes federativos com educa\u00e7\u00e3o. Tamb\u00e9m pedir\u00e1 a retomada do grupo de trabalho para revis\u00e3o do reajuste do piso.<\/p>\n<p>A proposta da entidade \u00e9 que o reajuste leve em considera\u00e7\u00e3o a varia\u00e7\u00e3o do Fundeb e o \u00cdndice Nacional de Pre\u00e7os ao Consumidor (INPC), estabelecendo novos sal\u00e1rios intermedi\u00e1rios \u00e0s duas varia\u00e7\u00f5es. &#8220;Entendemos que n\u00e3o \u00e9 o que o professor precisa ganhar, mas agora n\u00e3o tem como ser um valor superior \u00e0 infla\u00e7\u00e3o&#8221;, concluiu Cleuza.<\/p>\n<p><img decoding=\"async\" loading=\"lazy\" class=\"alignnone size-full wp-image-32052\" src=\"http:\/\/blitzconquista.com.br\/wp-content\/uploads\/2015\/01\/agencia_brasil_logo.png\" alt=\"agencia_brasil_logo\" width=\"130\" height=\"27\" \/><\/p>\n","protected":false},"excerpt":{"rendered":"<p>O Minist\u00e9rio da Educa\u00e7\u00e3o (MEC) divulgou h\u00e1 pouco que o piso salarial do magist\u00e9rio ter\u00e1 aumento de 13,01%. Com o reajuste, o sal\u00e1rio inicial passar\u00e1 para R$ 1.917,78 a partir deste m\u00eas. O c\u00e1lculo est\u00e1 previsto na Lei do Piso (Lei 11.738\/2008), que vincula o aumento ao percentual de crescimento do valor anual m\u00ednimo por [&hellip;]<\/p>\n","protected":false},"author":1,"featured_media":32172,"comment_status":"open","ping_status":"closed","sticky":false,"template":"","format":"standard","meta":[],"categories":[5],"tags":[],"_links":{"self":[{"href":"https:\/\/blitzconquista.com.br\/index.php?rest_route=\/wp\/v2\/posts\/32171"}],"collection":[{"href":"https:\/\/blitzconquista.com.br\/index.php?rest_route=\/wp\/v2\/posts"}],"about":[{"href":"https:\/\/blitzconquista.com.br\/index.php?rest_route=\/wp\/v2\/types\/post"}],"author":[{"embeddable":true,"href":"https:\/\/blitzconquista.com.br\/index.php?rest_route=\/wp\/v2\/users\/1"}],"replies":[{"embeddable":true,"href":"https:\/\/blitzconquista.com.br\/index.php?rest_route=%2Fwp%2Fv2%2Fcomments&post=32171"}],"version-history":[{"count":0,"href":"https:\/\/blitzconquista.com.br\/index.php?rest_route=\/wp\/v2\/posts\/32171\/revisions"}],"wp:featuredmedia":[{"embeddable":true,"href":"https:\/\/blitzconquista.com.br\/index.php?rest_route=\/wp\/v2\/media\/32172"}],"wp:attachment":[{"href":"https:\/\/blitzconquista.com.br\/index.php?rest_route=%2Fwp%2Fv2%2Fmedia&parent=32171"}],"wp:term":[{"taxonomy":"category","embeddable":true,"href":"https:\/\/blitzconquista.com.br\/index.php?rest_route=%2Fwp%2Fv2%2Fcategories&post=32171"},{"taxonomy":"post_tag","embeddable":true,"href":"https:\/\/blitzconquista.com.br\/index.php?rest_route=%2Fwp%2Fv2%2Ftags&post=32171"}],"curies":[{"name":"wp","href":"https:\/\/api.w.org\/{rel}","templated":true}]}}