{"id":32177,"date":"2015-01-07T11:45:21","date_gmt":"2015-01-07T14:45:21","guid":{"rendered":"http:\/\/blitzconquista.com.br\/?p=32177"},"modified":"2015-01-07T22:19:54","modified_gmt":"2015-01-08T01:19:54","slug":"homem-e-encontrado-morto-dentro-de-casa","status":"publish","type":"post","link":"https:\/\/blitzconquista.com.br\/?p=32177","title":{"rendered":"Homem \u00e9 encontrado morto dentro de casa"},"content":{"rendered":"<p>Um homem foi encontrado morto na manh\u00e3 desta quarta-feira, 07, dentro de uma resid\u00eancia localizada na Av. Caitit\u00e9, bairro Ibirapuera.<\/p>\n<p><img decoding=\"async\" loading=\"lazy\" class=\" size-full wp-image-32179 aligncenter\" src=\"http:\/\/blitzconquista.com.br\/wp-content\/uploads\/2015\/01\/encontrado-morto-marivaldo-2.jpg\" alt=\"encontrado morto marivaldo (2)\" width=\"680\" height=\"500\" srcset=\"https:\/\/blitzconquista.com.br\/wp-content\/uploads\/2015\/01\/encontrado-morto-marivaldo-2.jpg 680w, https:\/\/blitzconquista.com.br\/wp-content\/uploads\/2015\/01\/encontrado-morto-marivaldo-2-300x221.jpg 300w\" sizes=\"(max-width: 680px) 100vw, 680px\" \/><br \/>\nA pol\u00edcia foi chamada pelo propriet\u00e1rio que percebeu o mau cheiro na casa. De acordo com o dono do im\u00f3vel, h\u00e1 dias o inquilino n\u00e3o era visto. Ao entrar no local, os militares encontraram o senhor, conhecido por Marivaldo, morto sobre a cama.<\/p>\n<p><img decoding=\"async\" loading=\"lazy\" class=\"  wp-image-32180 aligncenter\" src=\"http:\/\/blitzconquista.com.br\/wp-content\/uploads\/2015\/01\/encontrado-morto-marivaldo-3.jpg\" alt=\"encontrado morto marivaldo (3)\" width=\"442\" height=\"325\" srcset=\"https:\/\/blitzconquista.com.br\/wp-content\/uploads\/2015\/01\/encontrado-morto-marivaldo-3.jpg 680w, https:\/\/blitzconquista.com.br\/wp-content\/uploads\/2015\/01\/encontrado-morto-marivaldo-3-300x221.jpg 300w\" sizes=\"(max-width: 442px) 100vw, 442px\" \/><\/p>\n<p>Ele j\u00e1 estava em estado de decomposi\u00e7\u00e3o.<br \/>\nAcredita-se que a morte foi por causas naturais, provavelmente infarto. A fam\u00edlia da V\u00edtima entrou em contado com nossa reportagem e afirmou que Marivaldo n\u00e3o era alcoolista, como foi divulgado anteriormente.<\/p>\n","protected":false},"excerpt":{"rendered":"<p>Um homem foi encontrado morto na manh\u00e3 desta quarta-feira, 07, dentro de uma resid\u00eancia localizada na Av. Caitit\u00e9, bairro Ibirapuera. A pol\u00edcia foi chamada pelo propriet\u00e1rio que percebeu o mau cheiro na casa. De acordo com o dono do im\u00f3vel, h\u00e1 dias o inquilino n\u00e3o era visto. Ao entrar no local, os militares encontraram o [&hellip;]<\/p>\n","protected":false},"author":1,"featured_media":32178,"comment_status":"open","ping_status":"closed","sticky":false,"template":"","format":"standard","meta":[],"categories":[3],"tags":[],"_links":{"self":[{"href":"https:\/\/blitzconquista.com.br\/index.php?rest_route=\/wp\/v2\/posts\/32177"}],"collection":[{"href":"https:\/\/blitzconquista.com.br\/index.php?rest_route=\/wp\/v2\/posts"}],"about":[{"href":"https:\/\/blitzconquista.com.br\/index.php?rest_route=\/wp\/v2\/types\/post"}],"author":[{"embeddable":true,"href":"https:\/\/blitzconquista.com.br\/index.php?rest_route=\/wp\/v2\/users\/1"}],"replies":[{"embeddable":true,"href":"https:\/\/blitzconquista.com.br\/index.php?rest_route=%2Fwp%2Fv2%2Fcomments&post=32177"}],"version-history":[{"count":0,"href":"https:\/\/blitzconquista.com.br\/index.php?rest_route=\/wp\/v2\/posts\/32177\/revisions"}],"wp:featuredmedia":[{"embeddable":true,"href":"https:\/\/blitzconquista.com.br\/index.php?rest_route=\/wp\/v2\/media\/32178"}],"wp:attachment":[{"href":"https:\/\/blitzconquista.com.br\/index.php?rest_route=%2Fwp%2Fv2%2Fmedia&parent=32177"}],"wp:term":[{"taxonomy":"category","embeddable":true,"href":"https:\/\/blitzconquista.com.br\/index.php?rest_route=%2Fwp%2Fv2%2Fcategories&post=32177"},{"taxonomy":"post_tag","embeddable":true,"href":"https:\/\/blitzconquista.com.br\/index.php?rest_route=%2Fwp%2Fv2%2Ftags&post=32177"}],"curies":[{"name":"wp","href":"https:\/\/api.w.org\/{rel}","templated":true}]}}