{"id":32182,"date":"2015-01-07T11:44:04","date_gmt":"2015-01-07T14:44:04","guid":{"rendered":"http:\/\/blitzconquista.com.br\/?p=32182"},"modified":"2015-01-07T11:44:04","modified_gmt":"2015-01-07T14:44:04","slug":"obras-de-manutencao-do-anel-viario-de-conquista-viabahia-emite-nota","status":"publish","type":"post","link":"https:\/\/blitzconquista.com.br\/?p=32182","title":{"rendered":"Obras de manuten\u00e7\u00e3o do Anel Vi\u00e1rio de Conquista: VIABAHIA emite nota"},"content":{"rendered":"<p>Um deslizamento do terreno \u00e0s margens da rodovia no \u00faltimo dia 18, devido \u00e0s fortes chuvas que ca\u00edram na Regi\u00e3o de Vit\u00f3ria da Conquista na primeira quinzena do m\u00eas de dezembro, for\u00e7ou a interdi\u00e7\u00e3o da Al\u00e7a Leste do Anel Vi\u00e1rio. Sem esta op\u00e7\u00e3o de tr\u00e1fego, os ve\u00edculos utilizam a al\u00e7a oposta ou circulam no trecho urbano da cidade, causando lentid\u00e3o e congestionamentos com o grande aumento do fluxo dos ve\u00edculos leves e principalmente dos pesados.<br \/>\nEm nota a ViaBahia, concession\u00e1ria que administra a rodovia, esclarece que \u201cj\u00e1 est\u00e1 na fase de elabora\u00e7\u00e3o o projeto para reconstru\u00e7\u00e3o do trecho\u201d. Ainda segundo o comunicado \u201cA \u00e1rea de engenharia da concession\u00e1ria planeja iniciar as obras ainda neste m\u00eas de janeiro e afirma que o trecho ser\u00e1 totalmente recuperado com brevidade, mas com a preocupa\u00e7\u00e3o em oferecer seguran\u00e7a tanto para os usu\u00e1rios como para os trabalhadores envolvidos na opera\u00e7\u00e3o.\u201d<\/p>\n<p><img decoding=\"async\" loading=\"lazy\" class=\"alignnone size-full wp-image-32183\" src=\"http:\/\/blitzconquista.com.br\/wp-content\/uploads\/2015\/01\/transitar.jpg\" alt=\"transitar\" width=\"200\" height=\"70\" \/><\/p>\n","protected":false},"excerpt":{"rendered":"<p>Um deslizamento do terreno \u00e0s margens da rodovia no \u00faltimo dia 18, devido \u00e0s fortes chuvas que ca\u00edram na Regi\u00e3o de Vit\u00f3ria da Conquista na primeira quinzena do m\u00eas de dezembro, for\u00e7ou a interdi\u00e7\u00e3o da Al\u00e7a Leste do Anel Vi\u00e1rio. Sem esta op\u00e7\u00e3o de tr\u00e1fego, os ve\u00edculos utilizam a al\u00e7a oposta ou circulam no trecho [&hellip;]<\/p>\n","protected":false},"author":1,"featured_media":32184,"comment_status":"open","ping_status":"closed","sticky":false,"template":"","format":"standard","meta":[],"categories":[7],"tags":[],"_links":{"self":[{"href":"https:\/\/blitzconquista.com.br\/index.php?rest_route=\/wp\/v2\/posts\/32182"}],"collection":[{"href":"https:\/\/blitzconquista.com.br\/index.php?rest_route=\/wp\/v2\/posts"}],"about":[{"href":"https:\/\/blitzconquista.com.br\/index.php?rest_route=\/wp\/v2\/types\/post"}],"author":[{"embeddable":true,"href":"https:\/\/blitzconquista.com.br\/index.php?rest_route=\/wp\/v2\/users\/1"}],"replies":[{"embeddable":true,"href":"https:\/\/blitzconquista.com.br\/index.php?rest_route=%2Fwp%2Fv2%2Fcomments&post=32182"}],"version-history":[{"count":0,"href":"https:\/\/blitzconquista.com.br\/index.php?rest_route=\/wp\/v2\/posts\/32182\/revisions"}],"wp:featuredmedia":[{"embeddable":true,"href":"https:\/\/blitzconquista.com.br\/index.php?rest_route=\/wp\/v2\/media\/32184"}],"wp:attachment":[{"href":"https:\/\/blitzconquista.com.br\/index.php?rest_route=%2Fwp%2Fv2%2Fmedia&parent=32182"}],"wp:term":[{"taxonomy":"category","embeddable":true,"href":"https:\/\/blitzconquista.com.br\/index.php?rest_route=%2Fwp%2Fv2%2Fcategories&post=32182"},{"taxonomy":"post_tag","embeddable":true,"href":"https:\/\/blitzconquista.com.br\/index.php?rest_route=%2Fwp%2Fv2%2Ftags&post=32182"}],"curies":[{"name":"wp","href":"https:\/\/api.w.org\/{rel}","templated":true}]}}