{"id":32195,"date":"2015-01-07T22:05:40","date_gmt":"2015-01-08T01:05:40","guid":{"rendered":"http:\/\/blitzconquista.com.br\/?p=32195"},"modified":"2015-01-07T22:05:40","modified_gmt":"2015-01-08T01:05:40","slug":"dilma-nomeia-novos-comandantes-das-forcas-armadas","status":"publish","type":"post","link":"https:\/\/blitzconquista.com.br\/?p=32195","title":{"rendered":"Dilma nomeia novos comandantes das For\u00e7as Armadas"},"content":{"rendered":"<p>A presidenta Dilma Rousseff definiu os nomes dos novos comandantes das For\u00e7as Armadas. O almirante Eduardo Bacellar Leal Ferreira vai comandar a Marinha, o general Eduardo Dias da Costa Villas B\u00f4as estar\u00e1 \u00e0 frente do Ex\u00e9rcito e o brigadeiro Nivaldo Luiz Rossato estar\u00e1 no comando da Aeron\u00e1utica.<\/p>\n<p>Por meio de nota divulgada h\u00e1 pouco pela Secretaria de Imprensa da Presid\u00eancia da Rep\u00fablica, Dilma agradeceu a \u201ccompet\u00eancia e dedica\u00e7\u00e3o\u201d dos ex-comandantes almirante Julio Soares de Moura Neto (Marinha), general Enzo Martins Peri (Ex\u00e9rcito) e brigadeiro Juniti Saito (Aeron\u00e1utica).<\/p>\n<p>Nesta quarta-feira (7), a presidenta recebeu, pela manh\u00e3 e \u00e0 tarde, o ministro da Defesa, Jaques Wagner. Os encontros n\u00e3o constavam de sua agenda oficial, e foram atualizados somente depois que Dilma deixou o Pal\u00e1cio do Planalto, de volta para a resid\u00eancia oficial, no Pal\u00e1cio da Alvorada. Tamb\u00e9m entraram na agenda retroativa o ministro-chefe da Secretaria-Geral da Presid\u00eancia, Miguel Rossetto, e o presidente nacional do PT, Rui Falc\u00e3o.<\/p>\n<p><img decoding=\"async\" loading=\"lazy\" class=\"alignnone size-full wp-image-32052\" src=\"http:\/\/blitzconquista.com.br\/wp-content\/uploads\/2015\/01\/agencia_brasil_logo.png\" alt=\"agencia_brasil_logo\" width=\"130\" height=\"27\" \/><\/p>\n","protected":false},"excerpt":{"rendered":"<p>A presidenta Dilma Rousseff definiu os nomes dos novos comandantes das For\u00e7as Armadas. O almirante Eduardo Bacellar Leal Ferreira vai comandar a Marinha, o general Eduardo Dias da Costa Villas B\u00f4as estar\u00e1 \u00e0 frente do Ex\u00e9rcito e o brigadeiro Nivaldo Luiz Rossato estar\u00e1 no comando da Aeron\u00e1utica. Por meio de nota divulgada h\u00e1 pouco pela [&hellip;]<\/p>\n","protected":false},"author":1,"featured_media":32196,"comment_status":"open","ping_status":"closed","sticky":false,"template":"","format":"standard","meta":[],"categories":[5],"tags":[],"_links":{"self":[{"href":"https:\/\/blitzconquista.com.br\/index.php?rest_route=\/wp\/v2\/posts\/32195"}],"collection":[{"href":"https:\/\/blitzconquista.com.br\/index.php?rest_route=\/wp\/v2\/posts"}],"about":[{"href":"https:\/\/blitzconquista.com.br\/index.php?rest_route=\/wp\/v2\/types\/post"}],"author":[{"embeddable":true,"href":"https:\/\/blitzconquista.com.br\/index.php?rest_route=\/wp\/v2\/users\/1"}],"replies":[{"embeddable":true,"href":"https:\/\/blitzconquista.com.br\/index.php?rest_route=%2Fwp%2Fv2%2Fcomments&post=32195"}],"version-history":[{"count":0,"href":"https:\/\/blitzconquista.com.br\/index.php?rest_route=\/wp\/v2\/posts\/32195\/revisions"}],"wp:featuredmedia":[{"embeddable":true,"href":"https:\/\/blitzconquista.com.br\/index.php?rest_route=\/wp\/v2\/media\/32196"}],"wp:attachment":[{"href":"https:\/\/blitzconquista.com.br\/index.php?rest_route=%2Fwp%2Fv2%2Fmedia&parent=32195"}],"wp:term":[{"taxonomy":"category","embeddable":true,"href":"https:\/\/blitzconquista.com.br\/index.php?rest_route=%2Fwp%2Fv2%2Fcategories&post=32195"},{"taxonomy":"post_tag","embeddable":true,"href":"https:\/\/blitzconquista.com.br\/index.php?rest_route=%2Fwp%2Fv2%2Ftags&post=32195"}],"curies":[{"name":"wp","href":"https:\/\/api.w.org\/{rel}","templated":true}]}}