{"id":32242,"date":"2015-01-09T11:31:58","date_gmt":"2015-01-09T14:31:58","guid":{"rendered":"http:\/\/blitzconquista.com.br\/?p=32242"},"modified":"2015-01-09T11:31:58","modified_gmt":"2015-01-09T14:31:58","slug":"novo-delegado-chefe-da-policia-civil-sera-anunciado-na-proxima-quarta-garante-rui-costa","status":"publish","type":"post","link":"https:\/\/blitzconquista.com.br\/?p=32242","title":{"rendered":"Novo delegado-chefe da Pol\u00edcia Civil ser\u00e1 anunciado na pr\u00f3xima quarta, garante Rui Costa"},"content":{"rendered":"<p>O governador Rui Costa (PT) afirmou nesta quinta-feira (8) que o nome do novo delegado-chefe da Pol\u00edcia Civil ser\u00e1 anunciado na pr\u00f3xima quarta (14). \u201cTenho bons nomes, mas preciso ter sentimento de que a pessoa que estou escolhendo \u00e9 a certa\u201d, disse o petista durante sua primeira viagem oficial ao interior do estado, no munic\u00edpio de Nova Reden\u00e7\u00e3o, Chapada Diamantina. De acordo com Rui, ele j\u00e1 tem uma lista pronta com os candidatos e que eles ser\u00e3o entrevistados pessoalmente na segunda (12) e ter\u00e7a (13). O governador n\u00e3o especificou o n\u00famero de selecionados para o cargo. *Com informa\u00e7\u00f5es do Bahia Not\u00edcias.<\/p>\n","protected":false},"excerpt":{"rendered":"<p>O governador Rui Costa (PT) afirmou nesta quinta-feira (8) que o nome do novo delegado-chefe da Pol\u00edcia Civil ser\u00e1 anunciado na pr\u00f3xima quarta (14). \u201cTenho bons nomes, mas preciso ter sentimento de que a pessoa que estou escolhendo \u00e9 a certa\u201d, disse o petista durante sua primeira viagem oficial ao interior do estado, no munic\u00edpio [&hellip;]<\/p>\n","protected":false},"author":1,"featured_media":32243,"comment_status":"open","ping_status":"closed","sticky":false,"template":"","format":"standard","meta":[],"categories":[5],"tags":[],"_links":{"self":[{"href":"https:\/\/blitzconquista.com.br\/index.php?rest_route=\/wp\/v2\/posts\/32242"}],"collection":[{"href":"https:\/\/blitzconquista.com.br\/index.php?rest_route=\/wp\/v2\/posts"}],"about":[{"href":"https:\/\/blitzconquista.com.br\/index.php?rest_route=\/wp\/v2\/types\/post"}],"author":[{"embeddable":true,"href":"https:\/\/blitzconquista.com.br\/index.php?rest_route=\/wp\/v2\/users\/1"}],"replies":[{"embeddable":true,"href":"https:\/\/blitzconquista.com.br\/index.php?rest_route=%2Fwp%2Fv2%2Fcomments&post=32242"}],"version-history":[{"count":0,"href":"https:\/\/blitzconquista.com.br\/index.php?rest_route=\/wp\/v2\/posts\/32242\/revisions"}],"wp:featuredmedia":[{"embeddable":true,"href":"https:\/\/blitzconquista.com.br\/index.php?rest_route=\/wp\/v2\/media\/32243"}],"wp:attachment":[{"href":"https:\/\/blitzconquista.com.br\/index.php?rest_route=%2Fwp%2Fv2%2Fmedia&parent=32242"}],"wp:term":[{"taxonomy":"category","embeddable":true,"href":"https:\/\/blitzconquista.com.br\/index.php?rest_route=%2Fwp%2Fv2%2Fcategories&post=32242"},{"taxonomy":"post_tag","embeddable":true,"href":"https:\/\/blitzconquista.com.br\/index.php?rest_route=%2Fwp%2Fv2%2Ftags&post=32242"}],"curies":[{"name":"wp","href":"https:\/\/api.w.org\/{rel}","templated":true}]}}