{"id":32245,"date":"2015-01-09T11:50:03","date_gmt":"2015-01-09T14:50:03","guid":{"rendered":"http:\/\/blitzconquista.com.br\/?p=32245"},"modified":"2015-01-09T11:50:22","modified_gmt":"2015-01-09T14:50:22","slug":"governo-municipal-apresenta-a-caixa-o-projeto-basico-do-corredor-perimetral","status":"publish","type":"post","link":"https:\/\/blitzconquista.com.br\/?p=32245","title":{"rendered":"Governo Municipal apresenta \u00e0 Caixa o projeto b\u00e1sico do Corredor Perimetral"},"content":{"rendered":"<div id=\"stcpDiv\">\n<p><strong>A via ter\u00e1 12 quil\u00f4metros e interligar\u00e1 as regi\u00f5es oeste, sul e leste da cidade<\/strong><\/p>\n<p>A reuni\u00e3o entre a equipe da Secretaria Municipal de Mobilidade Urbana e representantes da Caixa Econ\u00f4mica Federal, ocorrida na tarde dessa quinta-feira, 8, foi um dos \u00faltimos passos para que a Administra\u00e7\u00e3o Municipal possa iniciar as obras do Corredor Perimetral, um dos empreendimentos previstos no Programa de Acelera\u00e7\u00e3o do Crescimento (PAC) \u2013 Mobilidade Urbana.<\/p>\n<p><center><iframe loading=\"lazy\" width=\"560\" height=\"315\" src=\"\/\/www.youtube.com\/embed\/eZdcuyYKd8o\" frameborder=\"0\" allowfullscreen><\/iframe><\/center><\/p>\n<p>O conv\u00eanio, firmado pela Prefeitura de Vit\u00f3ria da Conquista com o Governo Federal para um financiamento de aproximadamente R$ 60 milh\u00f5es, por meio da Caixa, prev\u00ea ainda outros dois projetos: o terminal de integra\u00e7\u00e3o do transporte coletivo rural e urbano e a requalifica\u00e7\u00e3o de corredores de transporte localizados na regi\u00e3o central e nas principais avenidas.<\/p>\n<p>Na reuni\u00e3o, a equipe do Governo Municipal entregou aos representantes da Caixa o projeto b\u00e1sico para a constru\u00e7\u00e3o do Corredor Perimetral, ap\u00f3s ter conclu\u00eddo as \u00faltimas revis\u00f5es sugeridas pelo banco financiador. De posse do projeto revisado, a Caixa far\u00e1 as \u00faltimas considera\u00e7\u00f5es para, enfim, d\u00e1-lo por aprovado.<\/p>\n<p>\u201cN\u00e3o havendo mais pend\u00eancias, vamos fechar as an\u00e1lises t\u00e9cnicas e o munic\u00edpio vai poder fazer o processo de licita\u00e7\u00e3o para a contrata\u00e7\u00e3o e o in\u00edcio das obras\u201d, explicou o gerente de filial de governo da Caixa, Ant\u00f4nio S\u00e9rgio Moreira. Segundo as perspectivas do Governo Municipal, os trabalhos ser\u00e3o iniciados t\u00e3o logo a aprova\u00e7\u00e3o seja sinalizada.<\/p>\n<p>O primeiro ato ser\u00e1 uma medi\u00e7\u00e3o da obra. \u201c\u00c9 uma obra que o Governo Municipal pretende come\u00e7ar j\u00e1, para que a cidade possa ter mais um corredor ligando tr\u00eas zonas importantes da cidade sem passar pela regi\u00e3o central\u201d, afirmou o secret\u00e1rio de Mobilidade Urbana, Luis Alberto Sellmann.<\/p>\n<p><strong>Descentralizar<\/strong> \u2013 O Corredor Perimetral ter\u00e1 aproximadamente 12 quil\u00f4metros de extens\u00e3o, interligando as regi\u00f5es oeste, sul e leste da \u00e1rea urbana de Vit\u00f3ria da Conquista. A via ter\u00e1 in\u00edcio na Avenida Brumado, seguir\u00e1 pela Lagoa das Bateias e, em seguida, pelo Loteamento Cidade Modelo, avan\u00e7ando pelo bairro Patag\u00f4nia e pelo Coveima. Ap\u00f3s atravessar a BR-116, prosseguir\u00e1 pelo Morada dos P\u00e1ssaros at\u00e9 sair pela lateral do Shopping Conquista Sul. Da\u00ed, passar\u00e1 pela Avenida Juracy Magalh\u00e3es e pela regi\u00e3o do Boa Vista at\u00e9 atravessar o Rio Verruga para chegar, por fim, \u00e0 Avenida Ol\u00edvia Flores.<\/p>\n<p>Em boa parte desse percurso, o corredor passar\u00e1 por vias j\u00e1 existentes, que ser\u00e3o incrementadas. Em outros trechos, a estrutura ser\u00e1 totalmente constru\u00edda. O principal objetivo \u00e9 descentralizar o grande fluxo de ve\u00edculos e pessoas que, atualmente, concentra-se na regi\u00e3o central da cidade.<\/p>\n<p><strong>Integra\u00e7\u00e3o<\/strong> \u2013 \u201cO importante \u00e9 criar condi\u00e7\u00f5es de integra\u00e7\u00e3o entre bairros populosos, como Patag\u00f4nia, Coveima e Boa Vista\u201d, justificou Sellmann. \u201cEssa obra ir\u00e1 descongestionar um pouco mais a regi\u00e3o central e preparar essas regi\u00f5es para esse crescimento futuro\u201d, complementou. *Secom<\/p>\n","protected":false},"excerpt":{"rendered":"<p>A via ter\u00e1 12 quil\u00f4metros e interligar\u00e1 as regi\u00f5es oeste, sul e leste da cidade A reuni\u00e3o entre a equipe da Secretaria Municipal de Mobilidade Urbana e representantes da Caixa Econ\u00f4mica Federal, ocorrida na tarde dessa quinta-feira, 8, foi um dos \u00faltimos passos para que a Administra\u00e7\u00e3o Municipal possa iniciar as obras do Corredor Perimetral, [&hellip;]<\/p>\n","protected":false},"author":1,"featured_media":32246,"comment_status":"open","ping_status":"closed","sticky":false,"template":"","format":"standard","meta":[],"categories":[5],"tags":[],"_links":{"self":[{"href":"https:\/\/blitzconquista.com.br\/index.php?rest_route=\/wp\/v2\/posts\/32245"}],"collection":[{"href":"https:\/\/blitzconquista.com.br\/index.php?rest_route=\/wp\/v2\/posts"}],"about":[{"href":"https:\/\/blitzconquista.com.br\/index.php?rest_route=\/wp\/v2\/types\/post"}],"author":[{"embeddable":true,"href":"https:\/\/blitzconquista.com.br\/index.php?rest_route=\/wp\/v2\/users\/1"}],"replies":[{"embeddable":true,"href":"https:\/\/blitzconquista.com.br\/index.php?rest_route=%2Fwp%2Fv2%2Fcomments&post=32245"}],"version-history":[{"count":0,"href":"https:\/\/blitzconquista.com.br\/index.php?rest_route=\/wp\/v2\/posts\/32245\/revisions"}],"wp:featuredmedia":[{"embeddable":true,"href":"https:\/\/blitzconquista.com.br\/index.php?rest_route=\/wp\/v2\/media\/32246"}],"wp:attachment":[{"href":"https:\/\/blitzconquista.com.br\/index.php?rest_route=%2Fwp%2Fv2%2Fmedia&parent=32245"}],"wp:term":[{"taxonomy":"category","embeddable":true,"href":"https:\/\/blitzconquista.com.br\/index.php?rest_route=%2Fwp%2Fv2%2Fcategories&post=32245"},{"taxonomy":"post_tag","embeddable":true,"href":"https:\/\/blitzconquista.com.br\/index.php?rest_route=%2Fwp%2Fv2%2Ftags&post=32245"}],"curies":[{"name":"wp","href":"https:\/\/api.w.org\/{rel}","templated":true}]}}