{"id":32253,"date":"2015-01-09T12:04:30","date_gmt":"2015-01-09T15:04:30","guid":{"rendered":"http:\/\/blitzconquista.com.br\/?p=32253"},"modified":"2015-01-09T12:04:40","modified_gmt":"2015-01-09T15:04:40","slug":"fiscalizacao-eletronica-de-transito-em-conquista-prefeitura-emite-nota","status":"publish","type":"post","link":"https:\/\/blitzconquista.com.br\/?p=32253","title":{"rendered":"Fiscaliza\u00e7\u00e3o eletr\u00f4nica de tr\u00e2nsito em Conquista? Prefeitura emite nota"},"content":{"rendered":"<p>Vit\u00f3ria da Conquista cresceu se tornando um dos maiores polos do Nordeste. Terra de empreendimentos e oportunidades, a pungente Capital do Sudoeste cataliza quase 100 cidades da Bahia e Norte de Minas Gerais com suas universidades, com\u00e9rcio e servi\u00e7os de sa\u00fade. Tamanho crescimento gerou, via de regra, in\u00fameros problemas relativos \u00e0 mobilidade, seja com o transporte coletivo ou com o individual.<\/p>\n<p>Durante o ano de 2014 a cidade viu a prefeitura implementar mudan\u00e7as de\u00a0fluxos, aparelhar seu \u00f3rg\u00e3o executivo de tr\u00e2nsito e contratar novos servidores. Com o ano novo, o poder p\u00fablico continua instalando conjuntos semaf\u00f3ricos em diversos pontos como nos cruzamentos das Avenidas Jorge Teixeira e Lu\u00eds Eduardo Magalh\u00e3es e preparando novos bin\u00e1rios que ir\u00e3o disciplinar a circula\u00e7\u00e3o e contribuir para seguran\u00e7a e fluidez na via. Tudo isso visto, evidentemente, com bons olhos pela comunidade conquistense. No entanto, fica a impress\u00e3o de que poder\u00edamos avan\u00e7ar bem mais\u2026<\/p>\n<p>Recentemente esteve em Conquista o renomado <a href=\"http:\/\/www.ruaviva.org.br\/\" target=\"_blank\">Instituto da Mobilidade Sustent\u00e1vel Rua Viva<\/a>, que realizou estudos sobre as quest\u00f5es relativas ao nosso tr\u00e2nsito. A prefeitura come\u00e7ou, como anteriormente dito, v\u00e1rias implementa\u00e7\u00f5es mas surgiu a d\u00favida na cidade: n\u00e3o seria hora de Vit\u00f3ria da Conquista optar tamb\u00e9m pela fiscaliza\u00e7\u00e3o eletr\u00f4nica?<\/p>\n<p><a href=\"http:\/\/www.blogtransitar.com.br\/v1\/wp-content\/uploads\/2015\/01\/LEM.jpg\" data-slb-group=\"5361\" data-slb-active=\"1\" data-slb-internal=\"0\"><img decoding=\"async\" loading=\"lazy\" class=\" wp-image-5370\" src=\"http:\/\/www.blogtransitar.com.br\/v1\/wp-content\/uploads\/2015\/01\/LEM.jpg\" alt=\"Imagem: Google Maps\" width=\"413\" height=\"310\" \/><\/a><\/p>\n<p>Por fiscaliza\u00e7\u00e3o eletr\u00f4nica entenda-se os radares \u2013 equipamentos homologados pelos \u00f3rg\u00e3os competentes\u00a0que registram instantaneamente a velocidade e o avan\u00e7o de sinal vermelho, duas das mais perigosas infra\u00e7\u00f5es de tr\u00e2nsito, tipo fiscaliza\u00e7\u00e3o ausente na Zona Urbana da cidade, \u00a0e que quando aplicada diminui consideravelmente comportamentos aqu\u00e9m da seguran\u00e7a no tr\u00e2nsito. Radares j\u00e1 s\u00e3o presen\u00e7a\u00a0em cidades menores que Conquista, e apenas infratores de tr\u00e2nsito encontram problemas com esse tipo de fiscaliza\u00e7\u00e3o.<\/p>\n<p>Em nota enviada ao Blog Transitar, a Prefeitura Municipal de Vit\u00f3ria da Conquista informa que segundo o estudo do Rua Viva, realmente v\u00e1rias vias conquistenses necessitam de redutores de velocidade. Ainda segundo o comunicado, est\u00e3o sendo implantados sem\u00e1foros e faixas elevadas\u00a0(quebra-molas) \u201cpara a redu\u00e7\u00e3o da velocidade dos ve\u00edculos\u201d em Conquista. Sobre os radares, a prefeitura declara que realiza estudos sobre sua viabilidade.<\/p>\n<p>Lu\u00eds Eduardo Magalh\u00e3es, Ol\u00edvia Flores, Brumado, Juracy Magalh\u00e3es entre outras, s\u00e3o vias em que radares que fiscalizam velocidade e\/ou avan\u00e7o de sinal vermelho seriam bem-vindos, ao lado de campanhas permanentes de educa\u00e7\u00e3o.<\/p>\n<p><img decoding=\"async\" loading=\"lazy\" class=\"alignnone size-full wp-image-32183\" src=\"http:\/\/blitzconquista.com.br\/wp-content\/uploads\/2015\/01\/transitar.jpg\" alt=\"transitar\" width=\"200\" height=\"70\" \/><\/p>\n","protected":false},"excerpt":{"rendered":"<p>Vit\u00f3ria da Conquista cresceu se tornando um dos maiores polos do Nordeste. Terra de empreendimentos e oportunidades, a pungente Capital do Sudoeste cataliza quase 100 cidades da Bahia e Norte de Minas Gerais com suas universidades, com\u00e9rcio e servi\u00e7os de sa\u00fade. Tamanho crescimento gerou, via de regra, in\u00fameros problemas relativos \u00e0 mobilidade, seja com o [&hellip;]<\/p>\n","protected":false},"author":1,"featured_media":32254,"comment_status":"open","ping_status":"closed","sticky":false,"template":"","format":"standard","meta":[],"categories":[7],"tags":[],"_links":{"self":[{"href":"https:\/\/blitzconquista.com.br\/index.php?rest_route=\/wp\/v2\/posts\/32253"}],"collection":[{"href":"https:\/\/blitzconquista.com.br\/index.php?rest_route=\/wp\/v2\/posts"}],"about":[{"href":"https:\/\/blitzconquista.com.br\/index.php?rest_route=\/wp\/v2\/types\/post"}],"author":[{"embeddable":true,"href":"https:\/\/blitzconquista.com.br\/index.php?rest_route=\/wp\/v2\/users\/1"}],"replies":[{"embeddable":true,"href":"https:\/\/blitzconquista.com.br\/index.php?rest_route=%2Fwp%2Fv2%2Fcomments&post=32253"}],"version-history":[{"count":0,"href":"https:\/\/blitzconquista.com.br\/index.php?rest_route=\/wp\/v2\/posts\/32253\/revisions"}],"wp:featuredmedia":[{"embeddable":true,"href":"https:\/\/blitzconquista.com.br\/index.php?rest_route=\/wp\/v2\/media\/32254"}],"wp:attachment":[{"href":"https:\/\/blitzconquista.com.br\/index.php?rest_route=%2Fwp%2Fv2%2Fmedia&parent=32253"}],"wp:term":[{"taxonomy":"category","embeddable":true,"href":"https:\/\/blitzconquista.com.br\/index.php?rest_route=%2Fwp%2Fv2%2Fcategories&post=32253"},{"taxonomy":"post_tag","embeddable":true,"href":"https:\/\/blitzconquista.com.br\/index.php?rest_route=%2Fwp%2Fv2%2Ftags&post=32253"}],"curies":[{"name":"wp","href":"https:\/\/api.w.org\/{rel}","templated":true}]}}