{"id":32264,"date":"2015-01-09T12:16:39","date_gmt":"2015-01-09T15:16:39","guid":{"rendered":"http:\/\/blitzconquista.com.br\/?p=32264"},"modified":"2015-01-09T12:27:09","modified_gmt":"2015-01-09T15:27:09","slug":"feira-do-livro-escolar-e-boa-alternativa-de-economia","status":"publish","type":"post","link":"https:\/\/blitzconquista.com.br\/?p=32264","title":{"rendered":"Feira do Livro Escolar \u00e9 boa alternativa de economia"},"content":{"rendered":"<p>M\u00eas de janeiro \u00e9 sin\u00f4nimo de compra do material escolar. Nesse per\u00edodo \u00e9 f\u00e1cil observar o aumento de clientes nas livrarias e papelarias da cidade, para adquirir os itens solicitados na lista escolar do ano letivo. E com certeza, um dos produtos mais caros \u00e9 o livro did\u00e1tico, que varia de 120 a duzentos reais, entre o ensino fundamental e m\u00e9dio. Uma alternativa para quem quer come\u00e7ar o ano letivo, sem entrar no vermelho, \u00e9 a feira do livro escolar usado. H\u00e1 mais de 30 anos ela acontece na pra\u00e7a da escola Normal. A feira, que segue at\u00e9 o dia 07 de fevereiro deste ano, tamb\u00e9m \u00e9 uma boa oportunidade para quem quer vender o livro did\u00e1tico usado e em bom estado. Para quem tem livro did\u00e1tico ou liter\u00e1rio em casa, que n\u00e3o tenha interesse em negociar e esteja em bom estado, tamb\u00e9m s\u00e3o aceitos como doa\u00e7\u00f5es. <\/p>\n","protected":false},"excerpt":{"rendered":"<p>M\u00eas de janeiro \u00e9 sin\u00f4nimo de compra do material escolar. Nesse per\u00edodo \u00e9 f\u00e1cil observar o aumento de clientes nas livrarias e papelarias da cidade, para adquirir os itens solicitados na lista escolar do ano letivo. E com certeza, um dos produtos mais caros \u00e9 o livro did\u00e1tico, que varia de 120 a duzentos reais, [&hellip;]<\/p>\n","protected":false},"author":1,"featured_media":32265,"comment_status":"open","ping_status":"closed","sticky":false,"template":"","format":"standard","meta":[],"categories":[28],"tags":[],"_links":{"self":[{"href":"https:\/\/blitzconquista.com.br\/index.php?rest_route=\/wp\/v2\/posts\/32264"}],"collection":[{"href":"https:\/\/blitzconquista.com.br\/index.php?rest_route=\/wp\/v2\/posts"}],"about":[{"href":"https:\/\/blitzconquista.com.br\/index.php?rest_route=\/wp\/v2\/types\/post"}],"author":[{"embeddable":true,"href":"https:\/\/blitzconquista.com.br\/index.php?rest_route=\/wp\/v2\/users\/1"}],"replies":[{"embeddable":true,"href":"https:\/\/blitzconquista.com.br\/index.php?rest_route=%2Fwp%2Fv2%2Fcomments&post=32264"}],"version-history":[{"count":0,"href":"https:\/\/blitzconquista.com.br\/index.php?rest_route=\/wp\/v2\/posts\/32264\/revisions"}],"wp:featuredmedia":[{"embeddable":true,"href":"https:\/\/blitzconquista.com.br\/index.php?rest_route=\/wp\/v2\/media\/32265"}],"wp:attachment":[{"href":"https:\/\/blitzconquista.com.br\/index.php?rest_route=%2Fwp%2Fv2%2Fmedia&parent=32264"}],"wp:term":[{"taxonomy":"category","embeddable":true,"href":"https:\/\/blitzconquista.com.br\/index.php?rest_route=%2Fwp%2Fv2%2Fcategories&post=32264"},{"taxonomy":"post_tag","embeddable":true,"href":"https:\/\/blitzconquista.com.br\/index.php?rest_route=%2Fwp%2Fv2%2Ftags&post=32264"}],"curies":[{"name":"wp","href":"https:\/\/api.w.org\/{rel}","templated":true}]}}