{"id":32418,"date":"2015-01-13T23:16:59","date_gmt":"2015-01-14T02:16:59","guid":{"rendered":"http:\/\/blitzconquista.com.br\/?p=32418"},"modified":"2015-01-13T23:16:59","modified_gmt":"2015-01-14T02:16:59","slug":"vitoria-da-conquista-apresenta-oficialmente-o-goleiro-viafara","status":"publish","type":"post","link":"https:\/\/blitzconquista.com.br\/?p=32418","title":{"rendered":"Vit\u00f3ria da Conquista apresenta oficialmente o goleiro Vi\u00e1fara"},"content":{"rendered":"<p>Logo ap\u00f3s desembarcar em Vit\u00f3ria da Conquista, o novo goleiro do Conquista, Vi\u00e1fara, foi apresentado oficialmente aos torcedores. Numa coletiva de imprensa na tarde desta ter\u00e7a-feira(13, o goleiro disse est\u00e1 feliz no Vit\u00f3ria da Conquista e pretende ajudar o time a conquistar o campeonato baiano :&#8221;Tive a oportunidade de conhecer a cidade, quando atuava pelo Vit\u00f3ria e me encantou a cidade, al\u00e9m do trabalho feito pelo presidente Ederlane Amorim&#8221;, disse o arqueiro. Logo ap\u00f3s a coletiva, Vi\u00e1fara integrou a equipe na Toca do Bode, j\u00e1 participando do trabalho em grupo.<\/p>\n<p><strong>Fernando Alc\u00e2ntara deixa o Vit\u00f3ria da Conquista. Evandro Gusm\u00e3o assume nesta quarta(14)<\/strong><\/p>\n<p>Uma informa\u00e7\u00e3o pegou de surpresa a torcida do Vit\u00f3ria da Conquista, no dia da apresenta\u00e7\u00e3o do goleito Vi\u00e1fara. O treinador Fernando Alc\u00e2ntara, alegando quest\u00f5es particulares, deixou o elenco do Alviverde. Quem assume o time \u00e9 Evandro Guimar\u00e3es, que deve chegar a cidade na manh\u00e3 desta quarta-feira(14).<\/p>\n<p><strong>Ingressos \u00e0 venda a partir de quinta-feira<\/strong><\/p>\n<p>A partir de quinta feira o torcedor do Vit\u00f3ria da Conquista j\u00e1 poder\u00e1 adquirir o ingresso para a partida contra o Palmeiras pela Copa do Brasil. A partida acontece no dia 4 de mar\u00e7o.<\/p>\n<p>O ingresso para a partida contra o Palmeiras R$ 60,00 (janeiro), R$ 80,00 (fevereiro) e R$ 100,00 (em mar\u00e7o).<\/p>\n<p><em>Pontos de venda<\/em>:<\/p>\n<p>Rede de Farm\u00e1cias 24 horas (Centro, Manipula\u00e7\u00e3o, Pra\u00e7a do Gil e Frei Benjamim), Falc\u00e3o Cal\u00e7ados (Lauro de Freitas) e Tomacon (Morada dos P\u00e1ssaros).<\/p>\n<p>O torcedor pode adquirir tamb\u00e9m o ingresso do jogo do Bahia que custar\u00e1 R$ 20,00 a arquibancada. Quem quiser comprar os dois ingressos para pagar com cart\u00e3o de cr\u00e9dito em duas parcelas deve comparecer \u00e0 sede do clube. *Com informa\u00e7\u00f5es do site do ECVC.<\/p>\n","protected":false},"excerpt":{"rendered":"<p>Logo ap\u00f3s desembarcar em Vit\u00f3ria da Conquista, o novo goleiro do Conquista, Vi\u00e1fara, foi apresentado oficialmente aos torcedores. Numa coletiva de imprensa na tarde desta ter\u00e7a-feira(13, o goleiro disse est\u00e1 feliz no Vit\u00f3ria da Conquista e pretende ajudar o time a conquistar o campeonato baiano :&#8221;Tive a oportunidade de conhecer a cidade, quando atuava pelo [&hellip;]<\/p>\n","protected":false},"author":1,"featured_media":32419,"comment_status":"open","ping_status":"closed","sticky":false,"template":"","format":"standard","meta":[],"categories":[1],"tags":[],"_links":{"self":[{"href":"https:\/\/blitzconquista.com.br\/index.php?rest_route=\/wp\/v2\/posts\/32418"}],"collection":[{"href":"https:\/\/blitzconquista.com.br\/index.php?rest_route=\/wp\/v2\/posts"}],"about":[{"href":"https:\/\/blitzconquista.com.br\/index.php?rest_route=\/wp\/v2\/types\/post"}],"author":[{"embeddable":true,"href":"https:\/\/blitzconquista.com.br\/index.php?rest_route=\/wp\/v2\/users\/1"}],"replies":[{"embeddable":true,"href":"https:\/\/blitzconquista.com.br\/index.php?rest_route=%2Fwp%2Fv2%2Fcomments&post=32418"}],"version-history":[{"count":0,"href":"https:\/\/blitzconquista.com.br\/index.php?rest_route=\/wp\/v2\/posts\/32418\/revisions"}],"wp:featuredmedia":[{"embeddable":true,"href":"https:\/\/blitzconquista.com.br\/index.php?rest_route=\/wp\/v2\/media\/32419"}],"wp:attachment":[{"href":"https:\/\/blitzconquista.com.br\/index.php?rest_route=%2Fwp%2Fv2%2Fmedia&parent=32418"}],"wp:term":[{"taxonomy":"category","embeddable":true,"href":"https:\/\/blitzconquista.com.br\/index.php?rest_route=%2Fwp%2Fv2%2Fcategories&post=32418"},{"taxonomy":"post_tag","embeddable":true,"href":"https:\/\/blitzconquista.com.br\/index.php?rest_route=%2Fwp%2Fv2%2Ftags&post=32418"}],"curies":[{"name":"wp","href":"https:\/\/api.w.org\/{rel}","templated":true}]}}