{"id":32449,"date":"2015-01-14T20:43:08","date_gmt":"2015-01-14T23:43:08","guid":{"rendered":"http:\/\/blitzconquista.com.br\/?p=32449"},"modified":"2015-01-14T20:43:08","modified_gmt":"2015-01-14T23:43:08","slug":"bahia-tera-centro-de-referencia-de-anemia-falciforme","status":"publish","type":"post","link":"https:\/\/blitzconquista.com.br\/?p=32449","title":{"rendered":"Bahia ter\u00e1 centro de refer\u00eancia de anemia falciforme"},"content":{"rendered":"<p>A Secretaria da Sa\u00fade do Estado (Sesab) se reuniu com representantes das associa\u00e7\u00f5es das pessoas com anemia falciforme para discutir o projeto de cria\u00e7\u00e3o de um centro de refer\u00eancia para tratamento de pessoas portadoras da doen\u00e7a, um dos compromissos assumidos pela nova gest\u00e3o. No encontro, realizado na ter\u00e7a-feira (13), na sede do \u00f3rg\u00e3o, em Salvador, o secret\u00e1rio Fabio Vilas-Boas solicitou a t\u00e9cnicos da Sesab a apresenta\u00e7\u00e3o de um plano de a\u00e7\u00e3o completo para a implanta\u00e7\u00e3o do centro, inclusive j\u00e1 com a indica\u00e7\u00e3o do espa\u00e7o, considerando que a unidade contar\u00e1 com uma equipe multiprofissional.<\/p>\n<p>O estado possui o maior n\u00famero de incid\u00eancia da doen\u00e7a por se tratar de uma patologia que atinge principalmente a popula\u00e7\u00e3o negra. De acordo com dados do IBGE, cerca de 76,6% dos baianos se auto declaram pretos e pardos. Com isso, estima-se que, a cada 650 nascidos vivos, um possui a doen\u00e7a e o percentual do tra\u00e7o falciforme nos nascidos vivos est\u00e1 entre 7% e 10%. A anemia falciforme \u00e9 uma doen\u00e7a heredit\u00e1ria, que provoca a altera\u00e7\u00e3o dos gl\u00f3bulos vermelhos do sangue, tornando-os parecidos com uma foice, o que d\u00e1 origem ao nome. *Com informa\u00e7\u00f5es da Agecom-BA.<\/p>\n","protected":false},"excerpt":{"rendered":"<p>A Secretaria da Sa\u00fade do Estado (Sesab) se reuniu com representantes das associa\u00e7\u00f5es das pessoas com anemia falciforme para discutir o projeto de cria\u00e7\u00e3o de um centro de refer\u00eancia para tratamento de pessoas portadoras da doen\u00e7a, um dos compromissos assumidos pela nova gest\u00e3o. No encontro, realizado na ter\u00e7a-feira (13), na sede do \u00f3rg\u00e3o, em Salvador, [&hellip;]<\/p>\n","protected":false},"author":1,"featured_media":32450,"comment_status":"open","ping_status":"closed","sticky":false,"template":"","format":"standard","meta":[],"categories":[30],"tags":[],"_links":{"self":[{"href":"https:\/\/blitzconquista.com.br\/index.php?rest_route=\/wp\/v2\/posts\/32449"}],"collection":[{"href":"https:\/\/blitzconquista.com.br\/index.php?rest_route=\/wp\/v2\/posts"}],"about":[{"href":"https:\/\/blitzconquista.com.br\/index.php?rest_route=\/wp\/v2\/types\/post"}],"author":[{"embeddable":true,"href":"https:\/\/blitzconquista.com.br\/index.php?rest_route=\/wp\/v2\/users\/1"}],"replies":[{"embeddable":true,"href":"https:\/\/blitzconquista.com.br\/index.php?rest_route=%2Fwp%2Fv2%2Fcomments&post=32449"}],"version-history":[{"count":0,"href":"https:\/\/blitzconquista.com.br\/index.php?rest_route=\/wp\/v2\/posts\/32449\/revisions"}],"wp:featuredmedia":[{"embeddable":true,"href":"https:\/\/blitzconquista.com.br\/index.php?rest_route=\/wp\/v2\/media\/32450"}],"wp:attachment":[{"href":"https:\/\/blitzconquista.com.br\/index.php?rest_route=%2Fwp%2Fv2%2Fmedia&parent=32449"}],"wp:term":[{"taxonomy":"category","embeddable":true,"href":"https:\/\/blitzconquista.com.br\/index.php?rest_route=%2Fwp%2Fv2%2Fcategories&post=32449"},{"taxonomy":"post_tag","embeddable":true,"href":"https:\/\/blitzconquista.com.br\/index.php?rest_route=%2Fwp%2Fv2%2Ftags&post=32449"}],"curies":[{"name":"wp","href":"https:\/\/api.w.org\/{rel}","templated":true}]}}