{"id":32574,"date":"2015-01-17T19:28:06","date_gmt":"2015-01-17T22:28:06","guid":{"rendered":"http:\/\/blitzconquista.com.br\/?p=32574"},"modified":"2015-01-17T19:28:06","modified_gmt":"2015-01-17T22:28:06","slug":"prefeitura-alerta-quanto-mais-cedo-o-diagnostico-da-hanseniase-mais-facil-a-cura","status":"publish","type":"post","link":"https:\/\/blitzconquista.com.br\/?p=32574","title":{"rendered":"Prefeitura alerta: quanto mais cedo o diagn\u00f3stico da hansen\u00edase, mais f\u00e1cil a cura"},"content":{"rendered":"<div id=\"stcpDiv\">\n<p>A hansen\u00edase \u00e9 uma doen\u00e7a infectocontagiosa causada pelo bacilo de Hansen e que se manifesta por meio de les\u00f5es (manchas esbranqui\u00e7adas) na pele com altera\u00e7\u00e3o na sensibilidade e comprometimento neurol\u00f3gico. Mas, caso a doen\u00e7a seja identificada de forma precoce e o tratamento seja iniciado de forma imediata, a hansen\u00edase pode ter cura.<\/p>\n<p>Em 2014, foram diagnosticados 41 casos da doen\u00e7a em Vit\u00f3ria da Conquista. Para alertar a popula\u00e7\u00e3o quanto aos sinais e sintomas da hansen\u00edase, bem como para identificar novos casos, a Prefeitura, por meio do Centro Municipal de Pneumologia e Dermatologia Sanit\u00e1ria, desenvolve at\u00e9 o dia 30 de janeiro uma s\u00e9rie de atividades educativas sobre o assunto.<\/p>\n<p>\u201cDesde 2013, o Centro Municipal de Pneumologia e Dermatologia Sanit\u00e1ria avalia 100% dos contatos, pessoas que residem ou residiram com o doente nos \u00faltimos cinco anos. Isso tem possibilitado o melhor controle da doen\u00e7a e evitado a reincid\u00eancia de novos casos\u201d, explicou a gerente do Centro, Edilene Viana. O trabalho exitoso do servi\u00e7o foi apresentado na 14\u00aa Mostra Nacional de Experi\u00eancias Bem Sucedidas em Epidemiologia (Expoepi).<\/p>\n<p><strong>Transmiss\u00e3o e tratamento &#8211;<\/strong> A hansen\u00edase \u00e9 transmitida por meio da tosse, do espirro ou do contato prolongado com uma pessoa doente, que ainda n\u00e3o recebeu tratamento medicamentoso. Por isso, \u00e9 importante que familiares e pessoas pr\u00f3ximas \u00e0s pessoas com hansen\u00edase procurem o Centro Municipal de Pneumologia e Dermatologia Sanit\u00e1ria.<\/p>\n<p>O servi\u00e7o est\u00e1 localizado na Pra\u00e7a Jo\u00e3o Gon\u00e7alves, s\/n (ao lado do Caav) e funciona de segunda a sexta-feira, das 8h \u00e0s 12h. No local, a popula\u00e7\u00e3o \u00e9 atendida por uma equipe multiprofissional, formada por m\u00e9dico dermatologista, enfermeira, t\u00e9cnico de enfermagem e fisioterapeuta.<\/p>\n<p><strong>Confira a programa\u00e7\u00e3o completa:<\/strong><\/p>\n<ul>\n<li><strong>At\u00e9 o dia 30\/01<\/strong><\/li>\n<\/ul>\n<p>Atividades educativas nas unidades de sa\u00fade do munic\u00edpio;<br \/>\nAtividades de apoio a Aten\u00e7\u00e3o B\u00e1sica na triagem de casos suspeitas (matutino e vespertino);<br \/>\nPalestras educativas sobre a hansen\u00edase, no Centro Municipal de Pneumologia e Dermatologia Sanit\u00e1ria (\u00e0s 8h).<\/p>\n<ul>\n<li><strong>26 a 30\/01<\/strong><\/li>\n<\/ul>\n<p>Palestra e panfletagem na Secretaria Municipal de Desenvolvimento Social (das 8h \u00e0s 14h);<\/p>\n<ul>\n<li><strong>27\/01<\/strong><\/li>\n<\/ul>\n<p>Blitz no cruzamento entre as avenidas Jo\u00e3o Pessoa e Presidente Vargas (das 8h \u00e0s 12h);<\/p>\n<ul>\n<li><strong>30\/01<\/strong><\/li>\n<\/ul>\n<p>Atividade educativa na Pra\u00e7a 9 de Novembro (das 8h \u00e0s 12h)<\/p>\n<p>&#8211; See more at: http:\/\/www.pmvc.ba.gov.br\/v2\/noticias\/prefeitura-alerta-quanto-mais-cedo-o-diagnostico-da-hanseniase-mais-facil-a-cura\/#sthash.072YnCug.dpuf<\/p><\/div>\n","protected":false},"excerpt":{"rendered":"<p>A hansen\u00edase \u00e9 uma doen\u00e7a infectocontagiosa causada pelo bacilo de Hansen e que se manifesta por meio de les\u00f5es (manchas esbranqui\u00e7adas) na pele com altera\u00e7\u00e3o na sensibilidade e comprometimento neurol\u00f3gico. Mas, caso a doen\u00e7a seja identificada de forma precoce e o tratamento seja iniciado de forma imediata, a hansen\u00edase pode ter cura. Em 2014, foram [&hellip;]<\/p>\n","protected":false},"author":1,"featured_media":32575,"comment_status":"open","ping_status":"closed","sticky":false,"template":"","format":"standard","meta":[],"categories":[30],"tags":[],"_links":{"self":[{"href":"https:\/\/blitzconquista.com.br\/index.php?rest_route=\/wp\/v2\/posts\/32574"}],"collection":[{"href":"https:\/\/blitzconquista.com.br\/index.php?rest_route=\/wp\/v2\/posts"}],"about":[{"href":"https:\/\/blitzconquista.com.br\/index.php?rest_route=\/wp\/v2\/types\/post"}],"author":[{"embeddable":true,"href":"https:\/\/blitzconquista.com.br\/index.php?rest_route=\/wp\/v2\/users\/1"}],"replies":[{"embeddable":true,"href":"https:\/\/blitzconquista.com.br\/index.php?rest_route=%2Fwp%2Fv2%2Fcomments&post=32574"}],"version-history":[{"count":0,"href":"https:\/\/blitzconquista.com.br\/index.php?rest_route=\/wp\/v2\/posts\/32574\/revisions"}],"wp:featuredmedia":[{"embeddable":true,"href":"https:\/\/blitzconquista.com.br\/index.php?rest_route=\/wp\/v2\/media\/32575"}],"wp:attachment":[{"href":"https:\/\/blitzconquista.com.br\/index.php?rest_route=%2Fwp%2Fv2%2Fmedia&parent=32574"}],"wp:term":[{"taxonomy":"category","embeddable":true,"href":"https:\/\/blitzconquista.com.br\/index.php?rest_route=%2Fwp%2Fv2%2Fcategories&post=32574"},{"taxonomy":"post_tag","embeddable":true,"href":"https:\/\/blitzconquista.com.br\/index.php?rest_route=%2Fwp%2Fv2%2Ftags&post=32574"}],"curies":[{"name":"wp","href":"https:\/\/api.w.org\/{rel}","templated":true}]}}