{"id":32683,"date":"2015-01-20T23:12:22","date_gmt":"2015-01-21T02:12:22","guid":{"rendered":"http:\/\/blitzconquista.com.br\/?p=32683"},"modified":"2015-01-20T23:12:22","modified_gmt":"2015-01-21T02:12:22","slug":"uesb-informa-sobre-matricula-para-o-1o-semestre-dos-aprovados-no-vestibular-2015","status":"publish","type":"post","link":"https:\/\/blitzconquista.com.br\/?p=32683","title":{"rendered":"UESB informa sobre matr\u00edcula para o 1\u00ba Semestre dos aprovados no Vestibular 2015"},"content":{"rendered":"<p>Atrav\u00e9s do Edital 006\/15, a Universidade informa aos aprovados no Vestibular Uesb 2015, para o primeiro semestre letivo, os prazos de pr\u00e9-matr\u00edcula e matr\u00edcula definitiva. Os candidatos selecionados dever\u00e3o comparecer \u00e0 Secretaria de Cursos dos campi de Itapetinga, Jequi\u00e9 ou Vit\u00f3ria da Conquista, nos dias 27 e 28 de janeiro, para realizarem a pr\u00e9-matr\u00edcula, observando os hor\u00e1rios de cada curso discriminados no Anexo I do referido Documento.<\/p>\n<p>Na oportunidade, os calouros dever\u00e3o apresentar toda a documenta\u00e7\u00e3o exigida no Edital de convoca\u00e7\u00e3o. Os candidatos que tenham apresentado regularmente os documentos necess\u00e1rios, dever\u00e3o efetivar a matr\u00edcula definitiva, na Secretaria de Cursos do seu respectivo campus, no per\u00edodo de 2 a 5 de fevereiro, seguindo o cronograma estabelecido no Anexo II do Edital.<\/p>\n<p>Maiores informa\u00e7\u00f5es \u00e9 s\u00f3 entrar em contato com a Secretaria de Cursos pelos telefones (77) 3424-8654, em Vit\u00f3ria da Conquista, (73) 3528-9654, em Jequi\u00e9 e (77) 3261-8612, em Itapetinga. *Com informa\u00e7\u00f5es da Ascom\/UESB.<\/p>\n","protected":false},"excerpt":{"rendered":"<p>Atrav\u00e9s do Edital 006\/15, a Universidade informa aos aprovados no Vestibular Uesb 2015, para o primeiro semestre letivo, os prazos de pr\u00e9-matr\u00edcula e matr\u00edcula definitiva. Os candidatos selecionados dever\u00e3o comparecer \u00e0 Secretaria de Cursos dos campi de Itapetinga, Jequi\u00e9 ou Vit\u00f3ria da Conquista, nos dias 27 e 28 de janeiro, para realizarem a pr\u00e9-matr\u00edcula, observando [&hellip;]<\/p>\n","protected":false},"author":1,"featured_media":31761,"comment_status":"open","ping_status":"closed","sticky":false,"template":"","format":"standard","meta":[],"categories":[28],"tags":[],"_links":{"self":[{"href":"https:\/\/blitzconquista.com.br\/index.php?rest_route=\/wp\/v2\/posts\/32683"}],"collection":[{"href":"https:\/\/blitzconquista.com.br\/index.php?rest_route=\/wp\/v2\/posts"}],"about":[{"href":"https:\/\/blitzconquista.com.br\/index.php?rest_route=\/wp\/v2\/types\/post"}],"author":[{"embeddable":true,"href":"https:\/\/blitzconquista.com.br\/index.php?rest_route=\/wp\/v2\/users\/1"}],"replies":[{"embeddable":true,"href":"https:\/\/blitzconquista.com.br\/index.php?rest_route=%2Fwp%2Fv2%2Fcomments&post=32683"}],"version-history":[{"count":0,"href":"https:\/\/blitzconquista.com.br\/index.php?rest_route=\/wp\/v2\/posts\/32683\/revisions"}],"wp:featuredmedia":[{"embeddable":true,"href":"https:\/\/blitzconquista.com.br\/index.php?rest_route=\/wp\/v2\/media\/31761"}],"wp:attachment":[{"href":"https:\/\/blitzconquista.com.br\/index.php?rest_route=%2Fwp%2Fv2%2Fmedia&parent=32683"}],"wp:term":[{"taxonomy":"category","embeddable":true,"href":"https:\/\/blitzconquista.com.br\/index.php?rest_route=%2Fwp%2Fv2%2Fcategories&post=32683"},{"taxonomy":"post_tag","embeddable":true,"href":"https:\/\/blitzconquista.com.br\/index.php?rest_route=%2Fwp%2Fv2%2Ftags&post=32683"}],"curies":[{"name":"wp","href":"https:\/\/api.w.org\/{rel}","templated":true}]}}