{"id":32780,"date":"2015-01-26T14:50:07","date_gmt":"2015-01-26T17:50:07","guid":{"rendered":"http:\/\/blitzconquista.com.br\/?p=32780"},"modified":"2015-01-26T14:50:07","modified_gmt":"2015-01-26T17:50:07","slug":"guarnicao-da-bcs-recupera-carro-roubado","status":"publish","type":"post","link":"https:\/\/blitzconquista.com.br\/?p=32780","title":{"rendered":"Guarni\u00e7\u00e3o da BCS recupera carro roubado"},"content":{"rendered":"<p class=\"western\" align=\"LEFT\">\n<p class=\"western\" align=\"LEFT\"><span style=\"font-size: large;\">Neste domingo, policiais da Base Comunit\u00e1ria de Seguran\u00e7a recuperaram um ve\u00edculo roubado no Alto Maron no mesmo dia.<\/span><\/p>\n<p class=\"western\" align=\"LEFT\"><span style=\"font-size: large;\">Ao ser detido pelos policiais, o suspeito aparentava perturba\u00e7\u00e3o (possivelmente causada por drogas) e n\u00e3o conseguia passar informa\u00e7\u00f5es precisas sobre sua identifica\u00e7\u00e3o e origem do ve\u00edculo.<\/span><\/p>\n<p class=\"western\" align=\"LEFT\"><span style=\"font-size: large;\">O propriet\u00e1rio do autom\u00f3vel s\u00f3 percebeu o roubo no in\u00edcio da noite.<\/span><\/p>\n<p class=\"western\" align=\"LEFT\"><span style=\"font-size: large;\">Outras informa\u00e7\u00f5es obtidas pela reportagem do Blitz Conquista indicam que o indiv\u00edduo \u00e9 doente mental e circula sempre pela &#8220;feirinha&#8221; do Alto Maron.<\/span><\/p>\n<p class=\"western\" align=\"LEFT\"><span style=\"font-size: large;\"><img decoding=\"async\" loading=\"lazy\" class=\"alignnone size-full wp-image-32782\" src=\"http:\/\/blitzconquista.com.br\/wp-content\/uploads\/2015\/01\/IMG-20150126-WA0019.jpg\" alt=\"IMG-20150126-WA0019\" width=\"640\" height=\"480\" srcset=\"https:\/\/blitzconquista.com.br\/wp-content\/uploads\/2015\/01\/IMG-20150126-WA0019.jpg 640w, https:\/\/blitzconquista.com.br\/wp-content\/uploads\/2015\/01\/IMG-20150126-WA0019-300x225.jpg 300w\" sizes=\"(max-width: 640px) 100vw, 640px\" \/><\/span><\/p>\n","protected":false},"excerpt":{"rendered":"<p>Neste domingo, policiais da Base Comunit\u00e1ria de Seguran\u00e7a recuperaram um ve\u00edculo roubado no Alto Maron no mesmo dia. Ao ser detido pelos policiais, o suspeito aparentava perturba\u00e7\u00e3o (possivelmente causada por drogas) e n\u00e3o conseguia passar informa\u00e7\u00f5es precisas sobre sua identifica\u00e7\u00e3o e origem do ve\u00edculo. O propriet\u00e1rio do autom\u00f3vel s\u00f3 percebeu o roubo no in\u00edcio da [&hellip;]<\/p>\n","protected":false},"author":1,"featured_media":32781,"comment_status":"open","ping_status":"closed","sticky":false,"template":"","format":"standard","meta":[],"categories":[3],"tags":[],"_links":{"self":[{"href":"https:\/\/blitzconquista.com.br\/index.php?rest_route=\/wp\/v2\/posts\/32780"}],"collection":[{"href":"https:\/\/blitzconquista.com.br\/index.php?rest_route=\/wp\/v2\/posts"}],"about":[{"href":"https:\/\/blitzconquista.com.br\/index.php?rest_route=\/wp\/v2\/types\/post"}],"author":[{"embeddable":true,"href":"https:\/\/blitzconquista.com.br\/index.php?rest_route=\/wp\/v2\/users\/1"}],"replies":[{"embeddable":true,"href":"https:\/\/blitzconquista.com.br\/index.php?rest_route=%2Fwp%2Fv2%2Fcomments&post=32780"}],"version-history":[{"count":0,"href":"https:\/\/blitzconquista.com.br\/index.php?rest_route=\/wp\/v2\/posts\/32780\/revisions"}],"wp:featuredmedia":[{"embeddable":true,"href":"https:\/\/blitzconquista.com.br\/index.php?rest_route=\/wp\/v2\/media\/32781"}],"wp:attachment":[{"href":"https:\/\/blitzconquista.com.br\/index.php?rest_route=%2Fwp%2Fv2%2Fmedia&parent=32780"}],"wp:term":[{"taxonomy":"category","embeddable":true,"href":"https:\/\/blitzconquista.com.br\/index.php?rest_route=%2Fwp%2Fv2%2Fcategories&post=32780"},{"taxonomy":"post_tag","embeddable":true,"href":"https:\/\/blitzconquista.com.br\/index.php?rest_route=%2Fwp%2Fv2%2Ftags&post=32780"}],"curies":[{"name":"wp","href":"https:\/\/api.w.org\/{rel}","templated":true}]}}